{"id":1662,"date":"2017-01-23T21:27:00","date_gmt":"2017-01-23T20:27:00","guid":{"rendered":"https:\/\/www.remymartin.com\/fr-fr\/?p=1662"},"modified":"2025-04-28T08:52:18","modified_gmt":"2025-04-28T06:52:18","slug":"la-maison-remy-martin-devoile-sa-premiere-boutique-ephemere","status":"publish","type":"post","link":"https:\/\/www.remymartin.com\/fr-fr\/news\/product-2\/la-maison-remy-martin-devoile-sa-premiere-boutique-ephemere\/","title":{"rendered":"La Maison R\u00e9my&nbsp;Martin d\u00e9voile sa premi\u00e8re boutique \u00e9ph\u00e9m\u00e8re"},"content":{"rendered":"<div class=\"slider-base hwb\" id=\"media-header-block_6028f7884e9a0\">\n\t\t<div class=\"container\">\n\t\t<div class=\"slider-base__content d-flex flex-column justify-content-center justify-content-md-center rellax\" data-rellax-min=\"-200\" data-rellax-max=\"200\" data-rellax-speed=\"3\" data-rellax-xs-speed=\"0.8\">\n\t\t\t\t\t\t<div class=\"row\">\n\t\t\t\t<div class=\"col-9 col-md-6\">\n\t\t\t\t\t<span class=\"light h6\">ACTUALIT\u00c9S | JANVIER 23, 2017<\/span>\n\t\t\t\t<\/div>\n\t\t\t<\/div>\n\t\t\t\t\t\t<div class=\"row\">\n\t\t\t\t<div class=\"col-9 col-md-6\">\n\t\t\t\t\t<h1>La Maison R\u00e9my&nbsp;Martin d\u00e9voile sa premi\u00e8re boutique \u00e9ph\u00e9m\u00e8re<\/h1>\n\t\t\t\t<\/div>\n\t\t\t<\/div>\n\t\t\t<div class=\"row\">\n\t\t\t\t<div class=\"col-10 col-md-5\">\n\t\t\t\t\t<p class=\"is-style-uppercase description\">\n\t\t\t\t\t\t\n\t\t\t\t\t<\/p>\n\t\t\t\t<\/div>\n\t\t\t<\/div>\n\t\t<\/div>\n\t\t\t\t\t<div class=\"slider-base__media \">\n\t\t\t\t  <picture>\n                      <source type=\"image\/webp\" data-srcset=\"https:\/\/static-prod.remymartin.com\/app\/uploads\/sites\/3\/2017\/01\/la-maison-remy-martin-boutique-2017-header-01-600x379.jpg 400w, https:\/\/static-prod.remymartin.com\/app\/uploads\/sites\/3\/2017\/01\/la-maison-remy-martin-boutique-2017-header-01-800x505.jpg 800w, https:\/\/static-prod.remymartin.com\/app\/uploads\/sites\/3\/2017\/01\/la-maison-remy-martin-boutique-2017-header-01-1200x758.jpg 1200w, https:\/\/static-prod.remymartin.com\/app\/uploads\/sites\/3\/2017\/01\/la-maison-remy-martin-boutique-2017-header-01-1600x1011.jpg 1600w, https:\/\/static-prod.remymartin.com\/app\/uploads\/sites\/3\/2017\/01\/la-maison-remy-martin-boutique-2017-header-01.jpg 1900w\" data-sizes=\"100w\" \/>\n                      <img alt=\"\"  class=\"lazy\" data-srcset=\"https:\/\/static-prod.remymartin.com\/app\/uploads\/sites\/3\/2017\/01\/la-maison-remy-martin-boutique-2017-header-01-600x379.jpg 400w, https:\/\/static-prod.remymartin.com\/app\/uploads\/sites\/3\/2017\/01\/la-maison-remy-martin-boutique-2017-header-01-800x505.jpg 800w, https:\/\/static-prod.remymartin.com\/app\/uploads\/sites\/3\/2017\/01\/la-maison-remy-martin-boutique-2017-header-01-1200x758.jpg 1200w, https:\/\/static-prod.remymartin.com\/app\/uploads\/sites\/3\/2017\/01\/la-maison-remy-martin-boutique-2017-header-01-1600x1011.jpg 1600w, https:\/\/static-prod.remymartin.com\/app\/uploads\/sites\/3\/2017\/01\/la-maison-remy-martin-boutique-2017-header-01.jpg 1900w\" data-sizes=\"100w\" width=\"1900\" height=\"1200\"\/>\n                  <\/picture>\n                    \n\t\t\t<\/div>\n\t\t\t\t\t\t<\/div>\n\t<\/div>\n\n\n<div class=\"section\" id=\"copy-news-block_6028f32da78c4\">\n\t\t<div class=\"offset-wrapper\" style=\"margin-top: 5vh; margin-bottom: 0vh;\">\n\t\t<div class=\"copy-news\">\n\t\t<div class=\"container\">\n\t\t\t<div class=\"row\">\n\t\t\t\t<div class=\"col-12 offset-md-2 col-md-8\">\n\t\t\t\t\t<p>La Maison <span class=\"nowrap\">R\u00e9my Martin<\/span>, en partenariat avec Lagard\u00e8re Travel Retail, a ouvert sa premi\u00e8re boutique \u00e9ph\u00e9m\u00e8re \u00e0 l\u2019a\u00e9roport Paris Charles De Gaulle. De d\u00e9but janvier \u00e0 fin f\u00e9vrier, au terminal 2E S4, un espace de 29 m\u00e8tres carr\u00e9s pr\u00e9sente la marque <span class=\"nowrap\">R\u00e9my Martin<\/span>.<\/p>\n\n\t\t\t\t<\/div>\n\t\t\t<\/div>\n\t\t<\/div>\n\t<\/div>\n\t\t<\/div>\n\t<\/div>\n\n\n<div class=\"section\" id=\"player-text-block_6028f75e4e99f\">\n\t\t<div class=\"pwt\" data-module=\"video\/player-with-text\/PlayerWithText\">\n\t\t<div class=\"container\">\n\t\t\t<div class=\"row no-gutters\">\n\t\t\t\t<div class=\"col-12 col-xxxl-10 offset-xxxl-1\">\n\t\t\t\t\t\t\t\t\t\t\t\t\t\t\t\t\t<div class=\"remy-player\" data-plyr-provider=\"youtube\" data-plyr-embed-id=\"https:\/\/youtu.be\/92V4SdoGEMs\" data-poster=\"https:\/\/static-prod.remymartin.com\/app\/uploads\/sites\/3\/2021\/02\/gtr_cdg_news_2.jpg\"><\/div>\n\t\t\t\t\t\t\t\t\t\t\t\t\t\t\t<\/div>\n\t\t\t<\/div>\n\t\t\t\t\t<\/div>\n\t<\/div>\n\t<\/div>\n\n\n<div class=\"section\" id=\"copy-news-block_600c162c01b17\">\n\t\t<div class=\"copy-news\">\n\t\t<div class=\"container\">\n\t\t\t<div class=\"row\">\n\t\t\t\t<div class=\"col-12 offset-md-2 col-md-8\">\n\t\t\t\t\t<p>Les clients seront invit\u00e9s \u00e0 humer et \u00e0 go\u00fbter ces deux cognacs embl\u00e9matiques du style de la Maison ainsi qu\u2019une s\u00e9lection des nombreux \u00e9l\u00e9ments dispos\u00e9s sur la table centrale, notamment des fleurs, des fruits, des noix et des \u00e9pices. Ces diverses saveurs leur permettront de stimuler leurs sens et d\u2019identifier les profils de saveurs et les caract\u00e9ristiques aromatiques de chaque cognac.<\/p>\n<p>Pour donner corps \u00e0 cette exp\u00e9rience intime, une explication d\u00e9taill\u00e9e de chaque \u00e9tape de production sera apport\u00e9e par un ambassadeur de la Maison, de la vendange dans les r\u00e9gions de la Grande et de la Petite Champagne \u00e0 la distillation, et du vieillissement \u00e0 l\u2019assemblage.<\/p>\n\n\t\t\t\t<\/div>\n\t\t\t<\/div>\n\t\t<\/div>\n\t<\/div>\n\t<\/div>\n\n\n<div class=\"section  alignfull\" id=\"image-gallery-horizontal-block_602ece821f74f\">\n\t\t<div class=\"igh\" data-module=\"slider\/image-gallery-horizontal\/ImageGalleryHorizontal\">\n\t\t<div class=\"row align-items-baseline\">\n\t\t\t<div class=\"col-3 d-none d-md-flex justify-content-center align-content-center align-items-center\">\n\t\t\t\t<div class=\"swiper-button-prev\">\n\t\t\t\t\t<span class=\"icon-arrow-left-square\"><\/span>\n\t\t\t\t<\/div>\n\t\t\t\t<div class=\"swiper-button-next\">\n\t\t\t\t\t<span class=\"icon-arrow-right-square\"><\/span>\n\t\t\t\t<\/div>\n\t\t\t<\/div>\n\t\t\t<div class=\"col-12 col-md-9 slide-container\">\n\t\t\t\t<div class=\"swiper\">\n\t\t\t\t\t<div class=\"swiper-wrapper align-items-baseline\">\n\t\t\t\t\t\t\t\t\t\t\t\t<div class=\"swiper-slide col-9 col-md-3 col-lg-2\">\n\t\t\t\t\t\t\t<a href=\"https:\/\/static-prod.remymartin.com\/app\/uploads\/sites\/3\/2021\/02\/gtr_cdg_news_5.jpg\" class=\"glightbox\" data-title=\"\" data-description=\"\">\n\t\t\t\t\t\t\t\t<div class=\"image-container\">\n\t\t\t\t\t\t\t\t\t  <picture>\n                      <source type=\"image\/webp\" data-srcset=\"https:\/\/static-prod.remymartin.com\/app\/uploads\/sites\/3\/2021\/02\/gtr_cdg_news_5-551x600.jpg 400w, https:\/\/static-prod.remymartin.com\/app\/uploads\/sites\/3\/2021\/02\/gtr_cdg_news_5-735x800.jpg 800w, https:\/\/static-prod.remymartin.com\/app\/uploads\/sites\/3\/2021\/02\/gtr_cdg_news_5.jpg 1200w\" data-sizes=\"100w\" \/>\n                      <img alt=\"\"  class=\"lazy\" data-srcset=\"https:\/\/static-prod.remymartin.com\/app\/uploads\/sites\/3\/2021\/02\/gtr_cdg_news_5-551x600.jpg 400w, https:\/\/static-prod.remymartin.com\/app\/uploads\/sites\/3\/2021\/02\/gtr_cdg_news_5-735x800.jpg 800w, https:\/\/static-prod.remymartin.com\/app\/uploads\/sites\/3\/2021\/02\/gtr_cdg_news_5.jpg 1200w\" data-sizes=\"100w\" width=\"800\" height=\"871\"\/>\n                  <\/picture>\n                    \n\t\t\t\t\t\t\t\t<\/div>\n\t\t\t\t\t\t\t\t<div class=\"flagline\">\n\t\t\t\t\t\t\t\t\t\t\t\t\t\t\t\t\t<\/div>\n\t\t\t\t\t\t\t<\/a>\n\t\t\t\t\t\t<\/div>\n\t\t\t\t\t\t\t\t\t\t\t\t<div class=\"swiper-slide col-9 col-md-3 col-lg-2\">\n\t\t\t\t\t\t\t<a href=\"https:\/\/static-prod.remymartin.com\/app\/uploads\/sites\/3\/2021\/02\/gtr_cdg_news_2.jpg\" class=\"glightbox\" data-title=\"\" data-description=\"\">\n\t\t\t\t\t\t\t\t<div class=\"image-container\">\n\t\t\t\t\t\t\t\t\t  <picture>\n                      <source type=\"image\/webp\" data-srcset=\"https:\/\/static-prod.remymartin.com\/app\/uploads\/sites\/3\/2021\/02\/gtr_cdg_news_2-600x400.jpg 400w, https:\/\/static-prod.remymartin.com\/app\/uploads\/sites\/3\/2021\/02\/gtr_cdg_news_2.jpg 800w, https:\/\/static-prod.remymartin.com\/app\/uploads\/sites\/3\/2021\/02\/gtr_cdg_news_2.jpg 1200w\" data-sizes=\"100w\" \/>\n                      <img alt=\"\"  class=\"lazy\" data-srcset=\"https:\/\/static-prod.remymartin.com\/app\/uploads\/sites\/3\/2021\/02\/gtr_cdg_news_2-600x400.jpg 400w, https:\/\/static-prod.remymartin.com\/app\/uploads\/sites\/3\/2021\/02\/gtr_cdg_news_2.jpg 800w, https:\/\/static-prod.remymartin.com\/app\/uploads\/sites\/3\/2021\/02\/gtr_cdg_news_2.jpg 1200w\" data-sizes=\"100w\" width=\"800\" height=\"533\"\/>\n                  <\/picture>\n                    \n\t\t\t\t\t\t\t\t<\/div>\n\t\t\t\t\t\t\t\t<div class=\"flagline\">\n\t\t\t\t\t\t\t\t\t\t\t\t\t\t\t\t\t<\/div>\n\t\t\t\t\t\t\t<\/a>\n\t\t\t\t\t\t<\/div>\n\t\t\t\t\t\t\t\t\t\t\t\t<div class=\"swiper-slide col-9 col-md-3 col-lg-2\">\n\t\t\t\t\t\t\t<a href=\"https:\/\/static-prod.remymartin.com\/app\/uploads\/sites\/3\/2021\/02\/gtr_cdg_news_6.jpg\" class=\"glightbox\" data-title=\"\" data-description=\"\">\n\t\t\t\t\t\t\t\t<div class=\"image-container\">\n\t\t\t\t\t\t\t\t\t  <picture>\n                      <source type=\"image\/webp\" data-srcset=\"https:\/\/static-prod.remymartin.com\/app\/uploads\/sites\/3\/2021\/02\/gtr_cdg_news_6-535x600.jpg 400w, https:\/\/static-prod.remymartin.com\/app\/uploads\/sites\/3\/2021\/02\/gtr_cdg_news_6-713x800.jpg 800w, https:\/\/static-prod.remymartin.com\/app\/uploads\/sites\/3\/2021\/02\/gtr_cdg_news_6.jpg 1200w\" data-sizes=\"100w\" \/>\n                      <img alt=\"\"  class=\"lazy\" data-srcset=\"https:\/\/static-prod.remymartin.com\/app\/uploads\/sites\/3\/2021\/02\/gtr_cdg_news_6-535x600.jpg 400w, https:\/\/static-prod.remymartin.com\/app\/uploads\/sites\/3\/2021\/02\/gtr_cdg_news_6-713x800.jpg 800w, https:\/\/static-prod.remymartin.com\/app\/uploads\/sites\/3\/2021\/02\/gtr_cdg_news_6.jpg 1200w\" data-sizes=\"100w\" width=\"1000\" height=\"1122\"\/>\n                  <\/picture>\n                    \n\t\t\t\t\t\t\t\t<\/div>\n\t\t\t\t\t\t\t\t<div class=\"flagline\">\n\t\t\t\t\t\t\t\t\t\t\t\t\t\t\t\t\t<\/div>\n\t\t\t\t\t\t\t<\/a>\n\t\t\t\t\t\t<\/div>\n\t\t\t\t\t\t\t\t\t\t\t\t<div class=\"swiper-slide col-9 col-md-3 col-lg-2\">\n\t\t\t\t\t\t\t<a href=\"https:\/\/static-prod.remymartin.com\/app\/uploads\/sites\/3\/2021\/02\/gtr_cdg_main_1.jpg\" class=\"glightbox\" data-title=\"\" data-description=\"\">\n\t\t\t\t\t\t\t\t<div class=\"image-container\">\n\t\t\t\t\t\t\t\t\t  <picture>\n                      <source type=\"image\/webp\" data-srcset=\"https:\/\/static-prod.remymartin.com\/app\/uploads\/sites\/3\/2021\/02\/gtr_cdg_main_1-600x338.jpg 400w, https:\/\/static-prod.remymartin.com\/app\/uploads\/sites\/3\/2021\/02\/gtr_cdg_main_1-800x450.jpg 800w, https:\/\/static-prod.remymartin.com\/app\/uploads\/sites\/3\/2021\/02\/gtr_cdg_main_1-1200x675.jpg 1200w\" data-sizes=\"100w\" \/>\n                      <img alt=\"\"  class=\"lazy\" data-srcset=\"https:\/\/static-prod.remymartin.com\/app\/uploads\/sites\/3\/2021\/02\/gtr_cdg_main_1-600x338.jpg 400w, https:\/\/static-prod.remymartin.com\/app\/uploads\/sites\/3\/2021\/02\/gtr_cdg_main_1-800x450.jpg 800w, https:\/\/static-prod.remymartin.com\/app\/uploads\/sites\/3\/2021\/02\/gtr_cdg_main_1-1200x675.jpg 1200w\" data-sizes=\"100w\" width=\"1200\" height=\"675\"\/>\n                  <\/picture>\n                    \n\t\t\t\t\t\t\t\t<\/div>\n\t\t\t\t\t\t\t\t<div class=\"flagline\">\n\t\t\t\t\t\t\t\t\t\t\t\t\t\t\t\t\t<\/div>\n\t\t\t\t\t\t\t<\/a>\n\t\t\t\t\t\t<\/div>\n\t\t\t\t\t\t\t\t\t\t\t\t<div class=\"swiper-slide col-9 col-md-3 col-lg-2\">\n\t\t\t\t\t\t\t<a href=\"https:\/\/static-prod.remymartin.com\/app\/uploads\/sites\/3\/2021\/02\/gtr_cdg_news_4.jpg\" class=\"glightbox\" data-title=\"\" data-description=\"\">\n\t\t\t\t\t\t\t\t<div class=\"image-container\">\n\t\t\t\t\t\t\t\t\t  <picture>\n                      <source type=\"image\/webp\" data-srcset=\"https:\/\/static-prod.remymartin.com\/app\/uploads\/sites\/3\/2021\/02\/gtr_cdg_news_4-600x450.jpg 400w, https:\/\/static-prod.remymartin.com\/app\/uploads\/sites\/3\/2021\/02\/gtr_cdg_news_4.jpg 800w, https:\/\/static-prod.remymartin.com\/app\/uploads\/sites\/3\/2021\/02\/gtr_cdg_news_4.jpg 1200w\" data-sizes=\"100w\" \/>\n                      <img alt=\"\"  class=\"lazy\" data-srcset=\"https:\/\/static-prod.remymartin.com\/app\/uploads\/sites\/3\/2021\/02\/gtr_cdg_news_4-600x450.jpg 400w, https:\/\/static-prod.remymartin.com\/app\/uploads\/sites\/3\/2021\/02\/gtr_cdg_news_4.jpg 800w, https:\/\/static-prod.remymartin.com\/app\/uploads\/sites\/3\/2021\/02\/gtr_cdg_news_4.jpg 1200w\" data-sizes=\"100w\" width=\"800\" height=\"600\"\/>\n                  <\/picture>\n                    \n\t\t\t\t\t\t\t\t<\/div>\n\t\t\t\t\t\t\t\t<div class=\"flagline\">\n\t\t\t\t\t\t\t\t\t\t\t\t\t\t\t\t\t<\/div>\n\t\t\t\t\t\t\t<\/a>\n\t\t\t\t\t\t<\/div>\n\t\t\t\t\t\t\t\t\t\t\t<\/div>\n\t\t\t\t\t<div class=\"swiper-pagination\"><\/div>\n\t\t\t\t<\/div>\n\t\t\t<\/div>\n\t\t<\/div>\n\t<\/div>\n\t<\/div>\n\n\n<div class=\"section\" id=\"copy-news-block_602ed0cb1f758\">\n\t\t<div class=\"copy-news\">\n\t\t<div class=\"container\">\n\t\t\t<div class=\"row\">\n\t\t\t\t<div class=\"col-12 offset-md-2 col-md-8\">\n\t\t\t\t\t<p>Outre cette exp\u00e9rience de d\u00e9gustation exceptionnelle, les voyageurs pourront d\u00e9couvrir d\u2019autres cognacs de la Maison <span class=\"nowrap\">R\u00e9my Martin.<\/span><\/p>\n<p>L\u2019assemblage <span class=\"nowrap\">R\u00e9my Martin<\/span> <span class=\"nowrap\">\u00ab Carte<\/span> Blanche \u00e0 Baptiste <span class=\"nowrap\">Loiseau \u00bb<\/span>, premier repr\u00e9sentant d\u2019une nouvelle collection d\u2019\u00e9ditions limit\u00e9es qui incarnent l\u2019esprit de la Maison, fera ses premiers pas dans un a\u00e9roport europ\u00e9en. Seules 7 000 bouteilles de Carte Blanche n\u00b0 1 ont \u00e9t\u00e9 cr\u00e9\u00e9es, chacune portant un num\u00e9ro unique.<\/p>\n<p>La boutique \u00e9ph\u00e9m\u00e8re <span class=\"nowrap\">R\u00e9my Martin,<\/span> situ\u00e9e au terminal 2E \u2013 S4 de l\u2019a\u00e9roport Paris CDG, est ouverte tous les jours des mois de janvier et de f\u00e9vrier, du matin jusqu\u2019\u00e0 <span class=\"nowrap\">14 h.<\/span><\/p>\n\n\t\t\t\t<\/div>\n\t\t\t<\/div>\n\t\t<\/div>\n\t<\/div>\n\t<\/div>\n\n\n<div class=\"section-wrapper  alignfull \" id=\"section-wrapper-block_9980bc94bfa596a692153c1e6e714219\"\n\t style=\"background-color: #f0f0f0\"\n\t \t>\n\t\n<div class=\"section  alignfull\" id=\"related-teaser-4321-small-block_da9643133eef932721bb8fb7ea5b5626\">\n\t\t<div class=\"offset-wrapper\" style=\"margin-top: 5vh; margin-bottom: 8vh;\">\n\t\t<div class=\"fttorts\">\n\t\t<div class=\"container\">\n\t\t\t<div class=\"row no-gutters justify-content-md-center\">\n\t\t\t\t<div class=\"col-12 col-md-10\">\n\t\t\t\t\t<div class=\"row justify-content-md-center\">\n\t\t\t\t\t\t\t\t\t\t\t\t<div class=\"col-12 fttorts__headline_wrapper\">\n\t\t\t\t\t\t\t\t\t\t\t\t\t\t<h3>D\u00c9COUVREZ\u2026<\/h3>\n\t\t\t\t\t\t\t\t\t\t\t\t\t\t\t\t\t\t\t\t<\/div>\n\t\t\t\t\t\t\t\t\t\t\t\t\t\t\t\t\t\t\t\t\t\t\t\t\t<div class=\"col-6 col-md-3\">\n\t\t\t\t\t\t\t\t<div>\n\t\t\t\t\t\t\t\t\t<a  href=\"https:\/\/www.remymartin.com\/fr-fr\/actualites\/\">\n\t\t\t\t\t\t\t\t\t\t<div class=\"image-container\">\n\t\t\t\t\t\t\t\t\t\t\t  <picture>\n                      <source type=\"image\/webp\" data-srcset=\"https:\/\/static-prod.remymartin.com\/app\/uploads\/2023\/05\/twitter-remy-martin-centaur-kv-2023-01-200x100.jpg 200w, https:\/\/static-prod.remymartin.com\/app\/uploads\/2023\/05\/twitter-remy-martin-centaur-kv-2023-01-600x300.jpg 400w\" data-sizes=\"100w\" \/>\n                      <img alt=\"R\u00e9my Martin Centaur\"  class=\"lazy\" data-srcset=\"https:\/\/static-prod.remymartin.com\/app\/uploads\/2023\/05\/twitter-remy-martin-centaur-kv-2023-01-200x100.jpg 200w, https:\/\/static-prod.remymartin.com\/app\/uploads\/2023\/05\/twitter-remy-martin-centaur-kv-2023-01-600x300.jpg 400w\" data-sizes=\"100w\" width=\"600\" height=\"300\"\/>\n                  <\/picture>\n                    \n\t\t\t\t\t\t\t\t\t\t<\/div>\n\t\t\t\t\t\t\t\t\t\t<p class=\"fttorts__headline\">ACTUALIT\u00c9S<\/p>\n\t\t\t\t\t\t\t\t\t\t<div class=\"fttorts__description\">\n\t\t\t\t\t\t\t\t\t\t\t<p>C\u00e9l\u00e9brez avec nous partout dans le monde le savoir-faire.<\/p>\n\t\t\t\t\t\t\t\t\t\t<\/div>\n\t\t\t\t\t\t\t\t\t\t<button class=\"btn btn-sm\">LIRE LA SUITE<\/button>\n\t\t\t\t\t\t\t\t\t<\/a>\n\t\t\t\t\t\t\t\t<\/div>\n\t\t\t\t\t\t\t<\/div>\n\t\t\t\t\t\t\t\t\t\t\t\t\t\t\t\t\t\t\t\t<div class=\"col-6 col-md-3\">\n\t\t\t\t\t\t\t\t<div>\n\t\t\t\t\t\t\t\t\t<a  href=\"https:\/\/www.remymartin.com\/fr-fr\/collection\/\">\n\t\t\t\t\t\t\t\t\t\t<div class=\"image-container\">\n\t\t\t\t\t\t\t\t\t\t\t  <picture>\n                      <source type=\"image\/webp\" data-srcset=\"https:\/\/static-prod.remymartin.com\/app\/uploads\/2025\/11\/socials-remy-martin-collection-2025-international-usa-4-products-251103-01-200x105.jpg 200w, https:\/\/static-prod.remymartin.com\/app\/uploads\/2025\/11\/socials-remy-martin-collection-2025-international-usa-4-products-251103-01-600x314.jpg 400w\" data-sizes=\"100w\" \/>\n                      <img alt=\"Four bottles of the R\u00e9my Martin product range \u2013 TERCET, XO, 1738 Accord Royal and VSOP\"  class=\"lazy\" data-srcset=\"https:\/\/static-prod.remymartin.com\/app\/uploads\/2025\/11\/socials-remy-martin-collection-2025-international-usa-4-products-251103-01-200x105.jpg 200w, https:\/\/static-prod.remymartin.com\/app\/uploads\/2025\/11\/socials-remy-martin-collection-2025-international-usa-4-products-251103-01-600x314.jpg 400w\" data-sizes=\"100w\" width=\"600\" height=\"314\"\/>\n                  <\/picture>\n                    \n\t\t\t\t\t\t\t\t\t\t<\/div>\n\t\t\t\t\t\t\t\t\t\t<p class=\"fttorts__headline\">LA COLLECTION<\/p>\n\t\t\t\t\t\t\t\t\t\t<div class=\"fttorts__description\">\n\t\t\t\t\t\t\t\t\t\t\t<p>Dans le respect absolu de notre h\u00e9ritage, de notre savoir-faire et de notre terroir, nous produisons des spiritueux embl\u00e9matiques, d\u2019une qualit\u00e9 exceptionnelle.<\/p>\n\t\t\t\t\t\t\t\t\t\t<\/div>\n\t\t\t\t\t\t\t\t\t\t<button class=\"btn btn-sm\">LIRE LA SUITE<\/button>\n\t\t\t\t\t\t\t\t\t<\/a>\n\t\t\t\t\t\t\t\t<\/div>\n\t\t\t\t\t\t\t<\/div>\n\t\t\t\t\t\t\t\t\t\t\t\t\t\t\t\t\t\t\t\t<div class=\"col-6 col-md-3\">\n\t\t\t\t\t\t\t\t<div>\n\t\t\t\t\t\t\t\t\t<a  href=\"https:\/\/www.remymartin.com\/fr-fr\/cocktails\/discover-cocktails\/\">\n\t\t\t\t\t\t\t\t\t\t<div class=\"image-container\">\n\t\t\t\t\t\t\t\t\t\t\t  <picture>\n                      <source type=\"image\/webp\" data-srcset=\"https:\/\/static-prod.remymartin.com\/app\/uploads\/2025\/11\/socials-remy-martin-remy-ginger-cocktails-251103-01-200x105.jpg 200w, https:\/\/static-prod.remymartin.com\/app\/uploads\/2025\/11\/socials-remy-martin-remy-ginger-cocktails-251103-01-600x314.jpg 400w\" data-sizes=\"100w\" \/>\n                      <img alt=\"A bottle of R\u00e9my Martin VSOP and two R\u00e9my Ginger cocktails served in a highball glass\"  class=\"lazy\" data-srcset=\"https:\/\/static-prod.remymartin.com\/app\/uploads\/2025\/11\/socials-remy-martin-remy-ginger-cocktails-251103-01-200x105.jpg 200w, https:\/\/static-prod.remymartin.com\/app\/uploads\/2025\/11\/socials-remy-martin-remy-ginger-cocktails-251103-01-600x314.jpg 400w\" data-sizes=\"100w\" width=\"600\" height=\"314\"\/>\n                  <\/picture>\n                    \n\t\t\t\t\t\t\t\t\t\t<\/div>\n\t\t\t\t\t\t\t\t\t\t<p class=\"fttorts__headline\">cocktails<\/p>\n\t\t\t\t\t\t\t\t\t\t<div class=\"fttorts__description\">\n\t\t\t\t\t\t\t\t\t\t\t<p>Classiques ou modernes&nbsp;: d\u00e9couvrez nos recettes \u00e0 base de cognac.<\/p>\n\t\t\t\t\t\t\t\t\t\t<\/div>\n\t\t\t\t\t\t\t\t\t\t<button class=\"btn btn-sm\">LIRE LA SUITE<\/button>\n\t\t\t\t\t\t\t\t\t<\/a>\n\t\t\t\t\t\t\t\t<\/div>\n\t\t\t\t\t\t\t<\/div>\n\t\t\t\t\t\t\t\t\t\t\t\t\t\t\t\t\t\t\t\t<div class=\"col-6 col-md-3\">\n\t\t\t\t\t\t\t\t<div>\n\t\t\t\t\t\t\t\t\t<a  href=\"https:\/\/www.remymartin.com\/fr-fr\/comment-deguster-le-cognac\/\">\n\t\t\t\t\t\t\t\t\t\t<div class=\"image-container\">\n\t\t\t\t\t\t\t\t\t\t\t  <picture>\n                      <source type=\"image\/webp\" data-srcset=\"https:\/\/static-prod.remymartin.com\/app\/uploads\/2024\/06\/related-teaser-how-to-drink-cognac-260209-01-200x115.jpg 200w, https:\/\/static-prod.remymartin.com\/app\/uploads\/2024\/06\/related-teaser-how-to-drink-cognac-260209-01.jpg 400w\" data-sizes=\"100w\" \/>\n                      <img alt=\"Two crystal tumblers filled with cognac served neat placed on a table, highlighting its rich amber hue, the background is blurred with some bokeh.\"  class=\"lazy\" data-srcset=\"https:\/\/static-prod.remymartin.com\/app\/uploads\/2024\/06\/related-teaser-how-to-drink-cognac-260209-01-200x115.jpg 200w, https:\/\/static-prod.remymartin.com\/app\/uploads\/2024\/06\/related-teaser-how-to-drink-cognac-260209-01.jpg 400w\" data-sizes=\"100w\" width=\"444\" height=\"256\"\/>\n                  <\/picture>\n                    \n\t\t\t\t\t\t\t\t\t\t<\/div>\n\t\t\t\t\t\t\t\t\t\t<p class=\"fttorts__headline\">COMMENT D\u00c9GUSTER LE COGNAC<\/p>\n\t\t\t\t\t\t\t\t\t\t<div class=\"fttorts__description\">\n\t\t\t\t\t\t\t\t\t\t\t<p>Gr\u00e2ce \u00e0 sa polyvalence, le cognac R\u00e9my&nbsp;Martin peut \u00eatre savour\u00e9 \u00e0 diverses occasions. <\/p>\n\t\t\t\t\t\t\t\t\t\t<\/div>\n\t\t\t\t\t\t\t\t\t\t<button class=\"btn btn-sm\">LIRE LA SUITE<\/button>\n\t\t\t\t\t\t\t\t\t<\/a>\n\t\t\t\t\t\t\t\t<\/div>\n\t\t\t\t\t\t\t<\/div>\n\t\t\t\t\t\t\t\t\t\t\t\t\t\t\t\t\t\t<\/div>\n\t\t\t\t<\/div>\n\t\t\t<\/div>\n\t\t<\/div>\n\t<\/div>\n\t\t<\/div>\n\t<\/div>\n\n\n<\/div>\n\n\n<div class=\"section-wrapper  is-style-default alignfull buy\" id=\"section-wrapper-block_a5441d449bf8966205d05d757b5535ca\"\n\t style=\"\"\n\t \t>\n\t\n<div class=\"section  is-style-bg-grey alignfull\" id=\"product-slider-block_81d4f5b0410e527bb01a575f7f683fc0\">\n\t\t<div class=\"offset-wrapper\" style=\"margin-top: 5vh; margin-bottom: 0vh;\">\n\t\t<div class=\"product-slider\"\n\t\t data-module=\"slider\/product-slider\/ProductSlider\"\n\t\t \n\t\t aria-label=\"D\u00e9couvrez nos cognacs slider\">\n\t\t<div class=\"container\">\n\t\t\t<div class=\"row justify-content-center\">\n\t\t\t\t<div class=\"d-flex flex-column col-12 col-sm-8 col-md-6 col-lg-6 m-auto justify-content-center align-items-center text-center\">\n\t\t\t\t\t\t\t\t\t\t<h4 class=\"light h6\">la collection<\/h4>\n\t\t\t\t\t\t\t\t\t\t\t\t\t\t\t\t<h3>D\u00e9couvrez nos cognacs<\/h3>\n\t\t\t\t\t\t\t\t\t<\/div>\n\t\t\t<\/div>\n\t\t<\/div>\n\t\t<div class=\"container\">\n\t\t\t<div class=\"row justify-content-center\">\n\t\t\t\t<div class=\"col-12 \">\n\t\t\t\t\t<button type=\"button\" class=\"swiper-button-prev\"><\/button>\n\t\t\t\t\t<button type=\"button\" class=\"swiper-button-next\"><\/button>\n\n\t\t\t\t\t<div class=\"swiper\">\n\t\t\t\t\t\t<div class=\"swiper-wrapper\" id=\"product-slides-product-slider-block_81d4f5b0410e527bb01a575f7f683fc0\">\n\t\t\t\t\t\t\t\t\t\t\t\t\t\t\t\t\t\t\t\t\t\t\t\t\t\t\t\t\t\t<div class=\"swiper-slide\">\n\t\t\t\t\t\t\t\t\t<a href=\"https:\/\/www.remymartin.com\/fr-fr\/collection\/vsop\/\">\n\t\t\t\t\t\t\t\t\t\t\t\t\t\t\t\t\t\t\t\t  <picture>\n                      <source type=\"image\/webp\" data-srcset=\"https:\/\/static-prod.remymartin.com\/app\/uploads\/2025\/10\/collection-remy-martin-vsop-2025-light-251029-01-140x200.png 200w, https:\/\/static-prod.remymartin.com\/app\/uploads\/2025\/10\/collection-remy-martin-vsop-2025-light-251029-01-421x600.png 400w, https:\/\/static-prod.remymartin.com\/app\/uploads\/2025\/10\/collection-remy-martin-vsop-2025-light-251029-01-562x800.png 800w\" data-sizes=\"100w\" \/>\n                      <img alt=\"R\u00e9my Martin VSOP bottle\"  class=\"lazy\" data-srcset=\"https:\/\/static-prod.remymartin.com\/app\/uploads\/2025\/10\/collection-remy-martin-vsop-2025-light-251029-01-140x200.png 200w, https:\/\/static-prod.remymartin.com\/app\/uploads\/2025\/10\/collection-remy-martin-vsop-2025-light-251029-01-421x600.png 400w, https:\/\/static-prod.remymartin.com\/app\/uploads\/2025\/10\/collection-remy-martin-vsop-2025-light-251029-01-562x800.png 800w\" data-sizes=\"100w\" width=\"562\" height=\"800\"\/>\n                  <\/picture>\n                    \n\t\t\t\t\t\t\t\t\t\t\t\t\t\t\t\t\t\t\t\t<div class=\"product-description\">\n\t\t\t\t\t\t\t\t\t\t\t<span class=\"flagline\">R\u00e9my Martin<\/span>\n\t\t\t\t\t\t\t\t\t\t\t<span class=\"title\">VSOP<\/span>\n\t\t\t\t\t\t\t\t\t\t\t\t\t\t\t\t\t\t\t\t\t<\/div>\n\t\t\t\t\t\t\t\t\t<\/a>\n\t\t\t\t\t\t\t\t<\/div>\n\t\t\t\t\t\t\t\t\t\t\t\t\t\t\t\t\t\t\t\t\t\t\t<div class=\"swiper-slide\">\n\t\t\t\t\t\t\t\t\t<a href=\"https:\/\/www.remymartin.com\/fr-fr\/collection\/1738-accord-royal\/\">\n\t\t\t\t\t\t\t\t\t\t\t\t\t\t\t\t\t\t\t\t  <picture>\n                      <source type=\"image\/webp\" data-srcset=\"https:\/\/static-prod.remymartin.com\/app\/uploads\/sites\/3\/2024\/02\/collection-remy-martin-1738-accord-royal-light-240209-01-140x200.png 200w, https:\/\/static-prod.remymartin.com\/app\/uploads\/sites\/3\/2024\/02\/collection-remy-martin-1738-accord-royal-light-240209-01-421x600.png 400w, https:\/\/static-prod.remymartin.com\/app\/uploads\/sites\/3\/2024\/02\/collection-remy-martin-1738-accord-royal-light-240209-01-562x800.png 800w\" data-sizes=\"100w\" \/>\n                      <img alt=\"R\u00e9my Martin 1738 Accord Royal\"  class=\"lazy\" data-srcset=\"https:\/\/static-prod.remymartin.com\/app\/uploads\/sites\/3\/2024\/02\/collection-remy-martin-1738-accord-royal-light-240209-01-140x200.png 200w, https:\/\/static-prod.remymartin.com\/app\/uploads\/sites\/3\/2024\/02\/collection-remy-martin-1738-accord-royal-light-240209-01-421x600.png 400w, https:\/\/static-prod.remymartin.com\/app\/uploads\/sites\/3\/2024\/02\/collection-remy-martin-1738-accord-royal-light-240209-01-562x800.png 800w\" data-sizes=\"100w\" width=\"562\" height=\"800\"\/>\n                  <\/picture>\n                    \n\t\t\t\t\t\t\t\t\t\t\t\t\t\t\t\t\t\t\t\t<div class=\"product-description\">\n\t\t\t\t\t\t\t\t\t\t\t<span class=\"flagline\">R\u00e9my Martin<\/span>\n\t\t\t\t\t\t\t\t\t\t\t<span class=\"title\">1738 Accord Royal<\/span>\n\t\t\t\t\t\t\t\t\t\t\t\t\t\t\t\t\t\t\t\t\t<\/div>\n\t\t\t\t\t\t\t\t\t<\/a>\n\t\t\t\t\t\t\t\t<\/div>\n\t\t\t\t\t\t\t\t\t\t\t\t\t\t\t\t\t\t\t\t\t\t\t<div class=\"swiper-slide\">\n\t\t\t\t\t\t\t\t\t<a href=\"https:\/\/www.remymartin.com\/fr-fr\/collection\/tercet\/\">\n\t\t\t\t\t\t\t\t\t\t\t\t\t\t\t\t\t\t\t\t  <picture>\n                      <source type=\"image\/webp\" data-srcset=\"https:\/\/static-prod.remymartin.com\/app\/uploads\/sites\/3\/2021\/01\/collection-remy-martin-tercet-03-140x200.png 200w, https:\/\/static-prod.remymartin.com\/app\/uploads\/sites\/3\/2021\/01\/collection-remy-martin-tercet-03-421x600.png 400w, https:\/\/static-prod.remymartin.com\/app\/uploads\/sites\/3\/2021\/01\/collection-remy-martin-tercet-03-562x800.png 800w\" data-sizes=\"100w\" \/>\n                      <img alt=\"Remy Martin Tercet\"  class=\"lazy\" data-srcset=\"https:\/\/static-prod.remymartin.com\/app\/uploads\/sites\/3\/2021\/01\/collection-remy-martin-tercet-03-140x200.png 200w, https:\/\/static-prod.remymartin.com\/app\/uploads\/sites\/3\/2021\/01\/collection-remy-martin-tercet-03-421x600.png 400w, https:\/\/static-prod.remymartin.com\/app\/uploads\/sites\/3\/2021\/01\/collection-remy-martin-tercet-03-562x800.png 800w\" data-sizes=\"100w\" width=\"562\" height=\"800\"\/>\n                  <\/picture>\n                    \n\t\t\t\t\t\t\t\t\t\t\t\t\t\t\t\t\t\t\t\t<div class=\"product-description\">\n\t\t\t\t\t\t\t\t\t\t\t<span class=\"flagline\">R\u00e9my Martin<\/span>\n\t\t\t\t\t\t\t\t\t\t\t<span class=\"title\">Tercet<\/span>\n\t\t\t\t\t\t\t\t\t\t\t\t\t\t\t\t\t\t\t\t\t<\/div>\n\t\t\t\t\t\t\t\t\t<\/a>\n\t\t\t\t\t\t\t\t<\/div>\n\t\t\t\t\t\t\t\t\t\t\t\t\t\t\t\t\t\t\t\t\t\t\t<div class=\"swiper-slide\">\n\t\t\t\t\t\t\t\t\t<a href=\"https:\/\/www.remymartin.com\/fr-fr\/collection\/xo\/\">\n\t\t\t\t\t\t\t\t\t\t\t\t\t\t\t\t\t\t\t\t  <picture>\n                      <source type=\"image\/webp\" data-srcset=\"https:\/\/static-prod.remymartin.com\/app\/uploads\/2022\/08\/collection-remy-martin-xo-us-2022-light-01-140x200.png 200w, https:\/\/static-prod.remymartin.com\/app\/uploads\/2022\/08\/collection-remy-martin-xo-us-2022-light-01-421x600.png 400w, https:\/\/static-prod.remymartin.com\/app\/uploads\/2022\/08\/collection-remy-martin-xo-us-2022-light-01-562x800.png 800w\" data-sizes=\"100w\" \/>\n                      <img alt=\"R\u00e9my Martin XO\"  class=\"lazy\" data-srcset=\"https:\/\/static-prod.remymartin.com\/app\/uploads\/2022\/08\/collection-remy-martin-xo-us-2022-light-01-140x200.png 200w, https:\/\/static-prod.remymartin.com\/app\/uploads\/2022\/08\/collection-remy-martin-xo-us-2022-light-01-421x600.png 400w, https:\/\/static-prod.remymartin.com\/app\/uploads\/2022\/08\/collection-remy-martin-xo-us-2022-light-01-562x800.png 800w\" data-sizes=\"100w\" width=\"562\" height=\"800\"\/>\n                  <\/picture>\n                    \n\t\t\t\t\t\t\t\t\t\t\t\t\t\t\t\t\t\t\t\t<div class=\"product-description\">\n\t\t\t\t\t\t\t\t\t\t\t<span class=\"flagline\">R\u00e9my Martin<\/span>\n\t\t\t\t\t\t\t\t\t\t\t<span class=\"title\">XO<\/span>\n\t\t\t\t\t\t\t\t\t\t\t\t\t\t\t\t\t\t\t\t\t<\/div>\n\t\t\t\t\t\t\t\t\t<\/a>\n\t\t\t\t\t\t\t\t<\/div>\n\t\t\t\t\t\t\t\t\t\t\t\t\t\t\t\t\t\t\t\t\t\t\t<div class=\"swiper-slide\">\n\t\t\t\t\t\t\t\t\t<a href=\"https:\/\/www.remymartin.com\/fr-fr\/collection\/coupe-300\/\">\n\t\t\t\t\t\t\t\t\t\t\t\t\t\t\t\t\t\t\t\t  <picture>\n                      <source type=\"image\/webp\" data-srcset=\"https:\/\/static-prod.remymartin.com\/app\/uploads\/sites\/3\/2023\/12\/collection-remy-martin-300th-year-coupe-hover-02-141x200.png 200w, https:\/\/static-prod.remymartin.com\/app\/uploads\/sites\/3\/2023\/12\/collection-remy-martin-300th-year-coupe-hover-02-422x600.png 400w, https:\/\/static-prod.remymartin.com\/app\/uploads\/sites\/3\/2023\/12\/collection-remy-martin-300th-year-coupe-hover-02.png 800w\" data-sizes=\"100w\" \/>\n                      <img alt=\"R\u00e9my Martin Coupe 300th Anniversary Limited Edition with packaging\"  class=\"lazy\" data-srcset=\"https:\/\/static-prod.remymartin.com\/app\/uploads\/sites\/3\/2023\/12\/collection-remy-martin-300th-year-coupe-hover-02-141x200.png 200w, https:\/\/static-prod.remymartin.com\/app\/uploads\/sites\/3\/2023\/12\/collection-remy-martin-300th-year-coupe-hover-02-422x600.png 400w, https:\/\/static-prod.remymartin.com\/app\/uploads\/sites\/3\/2023\/12\/collection-remy-martin-300th-year-coupe-hover-02.png 800w\" data-sizes=\"100w\" width=\"450\" height=\"640\"\/>\n                  <\/picture>\n                    \n\t\t\t\t\t\t\t\t\t\t\t\t\t\t\t\t\t\t\t\t<div class=\"product-description\">\n\t\t\t\t\t\t\t\t\t\t\t<span class=\"flagline\">R\u00e9my Martin<\/span>\n\t\t\t\t\t\t\t\t\t\t\t<span class=\"title\">Coupe 300e Anniversaire<\/span>\n\t\t\t\t\t\t\t\t\t\t\t\t\t\t\t\t\t\t\t\t\t\t\t<span class=\"special\">\u00c9dition limit\u00e9e<\/span>\n\t\t\t\t\t\t\t\t\t\t\t\t\t\t\t\t\t\t\t\t\t<\/div>\n\t\t\t\t\t\t\t\t\t<\/a>\n\t\t\t\t\t\t\t\t<\/div>\n\t\t\t\t\t\t\t\t\t\t\t\t\t\t\t\t\t\t\t\t\t\t\t<div class=\"swiper-slide\">\n\t\t\t\t\t\t\t\t\t<a href=\"https:\/\/www.remymartin.com\/fr-fr\/collection\/letape\/\">\n\t\t\t\t\t\t\t\t\t\t\t\t\t\t\t\t\t\t\t\t  <picture>\n                      <source type=\"image\/webp\" data-srcset=\"https:\/\/static-prod.remymartin.com\/app\/uploads\/2021\/10\/collection-remy-martin-l-etape-limited-edition-cov-01-140x200.png 200w, https:\/\/static-prod.remymartin.com\/app\/uploads\/2021\/10\/collection-remy-martin-l-etape-limited-edition-cov-01-421x600.png 400w, https:\/\/static-prod.remymartin.com\/app\/uploads\/2021\/10\/collection-remy-martin-l-etape-limited-edition-cov-01-562x800.png 800w\" data-sizes=\"100w\" \/>\n                      <img alt=\"Remy Martin L\u2019Etape cognac\"  class=\"lazy\" data-srcset=\"https:\/\/static-prod.remymartin.com\/app\/uploads\/2021\/10\/collection-remy-martin-l-etape-limited-edition-cov-01-140x200.png 200w, https:\/\/static-prod.remymartin.com\/app\/uploads\/2021\/10\/collection-remy-martin-l-etape-limited-edition-cov-01-421x600.png 400w, https:\/\/static-prod.remymartin.com\/app\/uploads\/2021\/10\/collection-remy-martin-l-etape-limited-edition-cov-01-562x800.png 800w\" data-sizes=\"100w\" width=\"562\" height=\"800\"\/>\n                  <\/picture>\n                    \n\t\t\t\t\t\t\t\t\t\t\t\t\t\t\t\t\t\t\t\t<div class=\"product-description\">\n\t\t\t\t\t\t\t\t\t\t\t<span class=\"flagline\">R\u00e9my Martin<\/span>\n\t\t\t\t\t\t\t\t\t\t\t<span class=\"title\">L\u2019\u00c9tape<\/span>\n\t\t\t\t\t\t\t\t\t\t\t\t\t\t\t\t\t\t\t\t\t\t\t<span class=\"special\">\u00c9dition limit\u00e9e<\/span>\n\t\t\t\t\t\t\t\t\t\t\t\t\t\t\t\t\t\t\t\t\t<\/div>\n\t\t\t\t\t\t\t\t\t<\/a>\n\t\t\t\t\t\t\t\t<\/div>\n\t\t\t\t\t\t\t\t\t\t\t\t\t<\/div>\n\t\t\t\t\t\t\t\t\t\t\t<\/div>\n\t\t\t\t<\/div>\n\t\t\t<\/div>\n\t\t<\/div>\n\t<\/div>\n\t\t<\/div>\n\t<\/div>\n\n\n<\/div>\n","protected":false},"excerpt":{"rendered":"<p>La Maison R\u00e9my Martin, en partenariat avec Lagard\u00e8re Travel Retail, a ouvert sa premi\u00e8re boutique \u00e9ph\u00e9m\u00e8re \u00e0 l\u2019a\u00e9roport Paris Charles De Gaulle. De d\u00e9but janvier \u00e0 fin f\u00e9vrier, au terminal 2E S4, un espace de 29 m\u00e8tres carr\u00e9s pr\u00e9sente la marque R\u00e9my Martin.<\/p>\n","protected":false},"author":1,"featured_media":1667,"comment_status":"closed","ping_status":"closed","sticky":false,"template":"","format":"standard","meta":{"_acf_changed":false,"editor_notices":[],"footnotes":""},"categories":[191],"tags":[],"class_list":["post-1662","post","type-post","status-publish","format-standard","has-post-thumbnail","hentry","category-product-2"],"acf":[],"yoast_head":"<title>La Maison R\u00e9my&nbsp;Martin d\u00e9voile sa premi\u00e8re boutique \u00e9ph\u00e9m\u00e8re - R\u00e9my MartinFrance<\/title>\n<meta name=\"description\" content=\"La Maison R\u00e9my Martin, en partenariat avec Lagard\u00e8re Travel Retail, a ouvert sa premi\u00e8re boutique \u00e9ph\u00e9m\u00e8re \u00e0 l\u2019a\u00e9roport Paris Charles De Gaulle.\" \/>\n<meta name=\"robots\" content=\"index, follow, max-snippet:-1, max-image-preview:large, max-video-preview:-1\" \/>\n<link rel=\"canonical\" href=\"https:\/\/www.remymartin.com\/fr-fr\/news\/product-2\/la-maison-remy-martin-devoile-sa-premiere-boutique-ephemere\/\" \/>\n<meta property=\"og:locale\" content=\"fr_FR\" \/>\n<meta property=\"og:type\" content=\"article\" \/>\n<meta property=\"og:title\" content=\"La Maison R\u00e9my&nbsp;Martin d\u00e9voile sa premi\u00e8re boutique \u00e9ph\u00e9m\u00e8re - R\u00e9my MartinFrance\" \/>\n<meta property=\"og:description\" content=\"La Maison R\u00e9my Martin, en partenariat avec Lagard\u00e8re Travel Retail, a ouvert sa premi\u00e8re boutique \u00e9ph\u00e9m\u00e8re \u00e0 l\u2019a\u00e9roport Paris Charles De Gaulle.\" \/>\n<meta property=\"og:url\" content=\"https:\/\/www.remymartin.com\/fr-fr\/news\/product-2\/la-maison-remy-martin-devoile-sa-premiere-boutique-ephemere\/\" \/>\n<meta property=\"og:site_name\" content=\"France\" \/>\n<meta property=\"article:publisher\" content=\"https:\/\/www.facebook.com\/RemyMartin\" \/>\n<meta property=\"article:published_time\" content=\"2017-01-23T20:27:00+00:00\" \/>\n<meta property=\"article:modified_time\" content=\"2025-04-28T06:52:18+00:00\" \/>\n<meta property=\"og:image\" content=\"https:\/\/static-prod.remymartin.com\/app\/uploads\/sites\/3\/2021\/02\/gtr_cdg_main_1.jpg\" \/>\n\t<meta property=\"og:image:width\" content=\"1600\" \/>\n\t<meta property=\"og:image:height\" content=\"900\" \/>\n\t<meta property=\"og:image:type\" content=\"image\/jpeg\" \/>\n<meta name=\"author\" content=\"bub_admin\" \/>\n<meta name=\"twitter:card\" content=\"summary_large_image\" \/>\n<meta name=\"twitter:creator\" content=\"@RemyMartinUS\" \/>\n<meta name=\"twitter:site\" content=\"@RemyMartinUS\" \/>\n<meta name=\"twitter:label1\" content=\"\u00c9crit par\" \/>\n\t<meta name=\"twitter:data1\" content=\"bub_admin\" \/>\n<script type=\"application\/ld+json\" class=\"yoast-schema-graph\">{\"@context\":\"https:\/\/schema.org\",\"@graph\":[{\"@type\":\"NewsArticle\",\"@id\":\"https:\/\/www.remymartin.com\/fr-fr\/news\/product-2\/la-maison-remy-martin-devoile-sa-premiere-boutique-ephemere\/#article\",\"isPartOf\":{\"@id\":\"https:\/\/www.remymartin.com\/fr-fr\/news\/product-2\/la-maison-remy-martin-devoile-sa-premiere-boutique-ephemere\/\"},\"author\":{\"name\":\"bub_admin\",\"@id\":\"https:\/\/www.remymartin.com\/fr-fr\/#\/schema\/person\/44033584e883416b4063fd87af79677e\"},\"headline\":\"La Maison R\u00e9my&nbsp;Martin d\u00e9voile sa premi\u00e8re boutique \u00e9ph\u00e9m\u00e8re\",\"datePublished\":\"2017-01-23T20:27:00+00:00\",\"dateModified\":\"2025-04-28T06:52:18+00:00\",\"mainEntityOfPage\":{\"@id\":\"https:\/\/www.remymartin.com\/fr-fr\/news\/product-2\/la-maison-remy-martin-devoile-sa-premiere-boutique-ephemere\/\"},\"wordCount\":15,\"publisher\":{\"@id\":\"https:\/\/www.remymartin.com\/fr-fr\/#organization\"},\"image\":{\"@id\":\"https:\/\/www.remymartin.com\/fr-fr\/news\/product-2\/la-maison-remy-martin-devoile-sa-premiere-boutique-ephemere\/#primaryimage\"},\"thumbnailUrl\":\"https:\/\/static-prod.remymartin.com\/app\/uploads\/sites\/3\/2021\/02\/gtr_cdg_main_1.jpg\",\"articleSection\":[\"Produit\"],\"inLanguage\":\"fr-FR\"},{\"@type\":\"WebPage\",\"@id\":\"https:\/\/www.remymartin.com\/fr-fr\/news\/product-2\/la-maison-remy-martin-devoile-sa-premiere-boutique-ephemere\/\",\"url\":\"https:\/\/www.remymartin.com\/fr-fr\/news\/product-2\/la-maison-remy-martin-devoile-sa-premiere-boutique-ephemere\/\",\"name\":\"La Maison R\u00e9my&nbsp;Martin d\u00e9voile sa premi\u00e8re boutique \u00e9ph\u00e9m\u00e8re - R\u00e9my MartinFrance\",\"isPartOf\":{\"@id\":\"https:\/\/www.remymartin.com\/fr-fr\/#website\"},\"primaryImageOfPage\":{\"@id\":\"https:\/\/www.remymartin.com\/fr-fr\/news\/product-2\/la-maison-remy-martin-devoile-sa-premiere-boutique-ephemere\/#primaryimage\"},\"image\":{\"@id\":\"https:\/\/www.remymartin.com\/fr-fr\/news\/product-2\/la-maison-remy-martin-devoile-sa-premiere-boutique-ephemere\/#primaryimage\"},\"thumbnailUrl\":\"https:\/\/static-prod.remymartin.com\/app\/uploads\/sites\/3\/2021\/02\/gtr_cdg_main_1.jpg\",\"datePublished\":\"2017-01-23T20:27:00+00:00\",\"dateModified\":\"2025-04-28T06:52:18+00:00\",\"description\":\"La Maison R\u00e9my Martin, en partenariat avec Lagard\u00e8re Travel Retail, a ouvert sa premi\u00e8re boutique \u00e9ph\u00e9m\u00e8re \u00e0 l\u2019a\u00e9roport Paris Charles De Gaulle.\",\"inLanguage\":\"fr-FR\",\"potentialAction\":[{\"@type\":\"ReadAction\",\"target\":[\"https:\/\/www.remymartin.com\/fr-fr\/news\/product-2\/la-maison-remy-martin-devoile-sa-premiere-boutique-ephemere\/\"]}]},{\"@type\":\"ImageObject\",\"inLanguage\":\"fr-FR\",\"@id\":\"https:\/\/www.remymartin.com\/fr-fr\/news\/product-2\/la-maison-remy-martin-devoile-sa-premiere-boutique-ephemere\/#primaryimage\",\"url\":\"https:\/\/static-prod.remymartin.com\/app\/uploads\/sites\/3\/2021\/02\/gtr_cdg_main_1.jpg\",\"contentUrl\":\"https:\/\/static-prod.remymartin.com\/app\/uploads\/sites\/3\/2021\/02\/gtr_cdg_main_1.jpg\",\"width\":1600,\"height\":900},{\"@type\":\"WebSite\",\"@id\":\"https:\/\/www.remymartin.com\/fr-fr\/#website\",\"url\":\"https:\/\/www.remymartin.com\/fr-fr\/\",\"name\":\"France\",\"description\":\"R\u00e9my Martin France\",\"publisher\":{\"@id\":\"https:\/\/www.remymartin.com\/fr-fr\/#organization\"},\"inLanguage\":\"fr-FR\"},{\"@type\":\"Organization\",\"@id\":\"https:\/\/www.remymartin.com\/fr-fr\/#organization\",\"name\":\"R\u00e9my Martin\",\"url\":\"https:\/\/www.remymartin.com\/fr-fr\/\",\"logo\":{\"@type\":\"ImageObject\",\"inLanguage\":\"fr-FR\",\"@id\":\"https:\/\/www.remymartin.com\/fr-fr\/#\/schema\/logo\/image\/\",\"url\":\"https:\/\/static-prod.remymartin.com\/app\/uploads\/sites\/3\/2021\/01\/remy-martin-logo-black.png\",\"contentUrl\":\"https:\/\/static-prod.remymartin.com\/app\/uploads\/sites\/3\/2021\/01\/remy-martin-logo-black.png\",\"width\":500,\"height\":95,\"caption\":\"R\u00e9my Martin\"},\"image\":{\"@id\":\"https:\/\/www.remymartin.com\/fr-fr\/#\/schema\/logo\/image\/\"},\"sameAs\":[\"https:\/\/www.facebook.com\/RemyMartin\",\"https:\/\/x.com\/RemyMartinUS\",\"https:\/\/www.instagram.com\/remymartin\/\",\"https:\/\/www.youtube.com\/user\/officialremymartin\",\"https:\/\/en.wikipedia.org\/wiki\/R\u00e9my_Martin\"]},{\"@type\":\"Person\",\"@id\":\"https:\/\/www.remymartin.com\/fr-fr\/#\/schema\/person\/44033584e883416b4063fd87af79677e\",\"name\":\"bub_admin\",\"sameAs\":[\"https:\/\/www.remymartin.com\/wp\"]}]}<\/script>","yoast_head_json":{"title":"La Maison R\u00e9my&nbsp;Martin d\u00e9voile sa premi\u00e8re boutique \u00e9ph\u00e9m\u00e8re - R\u00e9my MartinFrance","description":"La Maison R\u00e9my Martin, en partenariat avec Lagard\u00e8re Travel Retail, a ouvert sa premi\u00e8re boutique \u00e9ph\u00e9m\u00e8re \u00e0 l\u2019a\u00e9roport Paris Charles De Gaulle.","robots":{"index":"index","follow":"follow","max-snippet":"max-snippet:-1","max-image-preview":"max-image-preview:large","max-video-preview":"max-video-preview:-1"},"canonical":"https:\/\/www.remymartin.com\/fr-fr\/news\/product-2\/la-maison-remy-martin-devoile-sa-premiere-boutique-ephemere\/","og_locale":"fr_FR","og_type":"article","og_title":"La Maison R\u00e9my&nbsp;Martin d\u00e9voile sa premi\u00e8re boutique \u00e9ph\u00e9m\u00e8re - R\u00e9my MartinFrance","og_description":"La Maison R\u00e9my Martin, en partenariat avec Lagard\u00e8re Travel Retail, a ouvert sa premi\u00e8re boutique \u00e9ph\u00e9m\u00e8re \u00e0 l\u2019a\u00e9roport Paris Charles De Gaulle.","og_url":"https:\/\/www.remymartin.com\/fr-fr\/news\/product-2\/la-maison-remy-martin-devoile-sa-premiere-boutique-ephemere\/","og_site_name":"France","article_publisher":"https:\/\/www.facebook.com\/RemyMartin","article_published_time":"2017-01-23T20:27:00+00:00","article_modified_time":"2025-04-28T06:52:18+00:00","og_image":[{"width":1600,"height":900,"url":"https:\/\/static-prod.remymartin.com\/app\/uploads\/sites\/3\/2021\/02\/gtr_cdg_main_1.jpg","type":"image\/jpeg"}],"author":"bub_admin","twitter_card":"summary_large_image","twitter_creator":"@RemyMartinUS","twitter_site":"@RemyMartinUS","twitter_misc":{"\u00c9crit par":"bub_admin"},"schema":{"@context":"https:\/\/schema.org","@graph":[{"@type":"NewsArticle","@id":"https:\/\/www.remymartin.com\/fr-fr\/news\/product-2\/la-maison-remy-martin-devoile-sa-premiere-boutique-ephemere\/#article","isPartOf":{"@id":"https:\/\/www.remymartin.com\/fr-fr\/news\/product-2\/la-maison-remy-martin-devoile-sa-premiere-boutique-ephemere\/"},"author":{"name":"bub_admin","@id":"https:\/\/www.remymartin.com\/fr-fr\/#\/schema\/person\/44033584e883416b4063fd87af79677e"},"headline":"La Maison R\u00e9my&nbsp;Martin d\u00e9voile sa premi\u00e8re boutique \u00e9ph\u00e9m\u00e8re","datePublished":"2017-01-23T20:27:00+00:00","dateModified":"2025-04-28T06:52:18+00:00","mainEntityOfPage":{"@id":"https:\/\/www.remymartin.com\/fr-fr\/news\/product-2\/la-maison-remy-martin-devoile-sa-premiere-boutique-ephemere\/"},"wordCount":15,"publisher":{"@id":"https:\/\/www.remymartin.com\/fr-fr\/#organization"},"image":{"@id":"https:\/\/www.remymartin.com\/fr-fr\/news\/product-2\/la-maison-remy-martin-devoile-sa-premiere-boutique-ephemere\/#primaryimage"},"thumbnailUrl":"https:\/\/static-prod.remymartin.com\/app\/uploads\/sites\/3\/2021\/02\/gtr_cdg_main_1.jpg","articleSection":["Produit"],"inLanguage":"fr-FR"},{"@type":"WebPage","@id":"https:\/\/www.remymartin.com\/fr-fr\/news\/product-2\/la-maison-remy-martin-devoile-sa-premiere-boutique-ephemere\/","url":"https:\/\/www.remymartin.com\/fr-fr\/news\/product-2\/la-maison-remy-martin-devoile-sa-premiere-boutique-ephemere\/","name":"La Maison R\u00e9my&nbsp;Martin d\u00e9voile sa premi\u00e8re boutique \u00e9ph\u00e9m\u00e8re - R\u00e9my MartinFrance","isPartOf":{"@id":"https:\/\/www.remymartin.com\/fr-fr\/#website"},"primaryImageOfPage":{"@id":"https:\/\/www.remymartin.com\/fr-fr\/news\/product-2\/la-maison-remy-martin-devoile-sa-premiere-boutique-ephemere\/#primaryimage"},"image":{"@id":"https:\/\/www.remymartin.com\/fr-fr\/news\/product-2\/la-maison-remy-martin-devoile-sa-premiere-boutique-ephemere\/#primaryimage"},"thumbnailUrl":"https:\/\/static-prod.remymartin.com\/app\/uploads\/sites\/3\/2021\/02\/gtr_cdg_main_1.jpg","datePublished":"2017-01-23T20:27:00+00:00","dateModified":"2025-04-28T06:52:18+00:00","description":"La Maison R\u00e9my Martin, en partenariat avec Lagard\u00e8re Travel Retail, a ouvert sa premi\u00e8re boutique \u00e9ph\u00e9m\u00e8re \u00e0 l\u2019a\u00e9roport Paris Charles De Gaulle.","inLanguage":"fr-FR","potentialAction":[{"@type":"ReadAction","target":["https:\/\/www.remymartin.com\/fr-fr\/news\/product-2\/la-maison-remy-martin-devoile-sa-premiere-boutique-ephemere\/"]}]},{"@type":"ImageObject","inLanguage":"fr-FR","@id":"https:\/\/www.remymartin.com\/fr-fr\/news\/product-2\/la-maison-remy-martin-devoile-sa-premiere-boutique-ephemere\/#primaryimage","url":"https:\/\/static-prod.remymartin.com\/app\/uploads\/sites\/3\/2021\/02\/gtr_cdg_main_1.jpg","contentUrl":"https:\/\/static-prod.remymartin.com\/app\/uploads\/sites\/3\/2021\/02\/gtr_cdg_main_1.jpg","width":1600,"height":900},{"@type":"WebSite","@id":"https:\/\/www.remymartin.com\/fr-fr\/#website","url":"https:\/\/www.remymartin.com\/fr-fr\/","name":"France","description":"R\u00e9my Martin France","publisher":{"@id":"https:\/\/www.remymartin.com\/fr-fr\/#organization"},"inLanguage":"fr-FR"},{"@type":"Organization","@id":"https:\/\/www.remymartin.com\/fr-fr\/#organization","name":"R\u00e9my Martin","url":"https:\/\/www.remymartin.com\/fr-fr\/","logo":{"@type":"ImageObject","inLanguage":"fr-FR","@id":"https:\/\/www.remymartin.com\/fr-fr\/#\/schema\/logo\/image\/","url":"https:\/\/static-prod.remymartin.com\/app\/uploads\/sites\/3\/2021\/01\/remy-martin-logo-black.png","contentUrl":"https:\/\/static-prod.remymartin.com\/app\/uploads\/sites\/3\/2021\/01\/remy-martin-logo-black.png","width":500,"height":95,"caption":"R\u00e9my Martin"},"image":{"@id":"https:\/\/www.remymartin.com\/fr-fr\/#\/schema\/logo\/image\/"},"sameAs":["https:\/\/www.facebook.com\/RemyMartin","https:\/\/x.com\/RemyMartinUS","https:\/\/www.instagram.com\/remymartin\/","https:\/\/www.youtube.com\/user\/officialremymartin","https:\/\/en.wikipedia.org\/wiki\/R\u00e9my_Martin"]},{"@type":"Person","@id":"https:\/\/www.remymartin.com\/fr-fr\/#\/schema\/person\/44033584e883416b4063fd87af79677e","name":"bub_admin","sameAs":["https:\/\/www.remymartin.com\/wp"]}]}},"_links":{"self":[{"href":"https:\/\/www.remymartin.com\/fr-fr\/wp-json\/wp\/v2\/posts\/1662","targetHints":{"allow":["GET"]}}],"collection":[{"href":"https:\/\/www.remymartin.com\/fr-fr\/wp-json\/wp\/v2\/posts"}],"about":[{"href":"https:\/\/www.remymartin.com\/fr-fr\/wp-json\/wp\/v2\/types\/post"}],"author":[{"embeddable":true,"href":"https:\/\/www.remymartin.com\/fr-fr\/wp-json\/wp\/v2\/users\/1"}],"replies":[{"embeddable":true,"href":"https:\/\/www.remymartin.com\/fr-fr\/wp-json\/wp\/v2\/comments?post=1662"}],"version-history":[{"count":1,"href":"https:\/\/www.remymartin.com\/fr-fr\/wp-json\/wp\/v2\/posts\/1662\/revisions"}],"predecessor-version":[{"id":12892,"href":"https:\/\/www.remymartin.com\/fr-fr\/wp-json\/wp\/v2\/posts\/1662\/revisions\/12892"}],"wp:featuredmedia":[{"embeddable":true,"href":"https:\/\/www.remymartin.com\/fr-fr\/wp-json\/wp\/v2\/media\/1667"}],"wp:attachment":[{"href":"https:\/\/www.remymartin.com\/fr-fr\/wp-json\/wp\/v2\/media?parent=1662"}],"wp:term":[{"taxonomy":"category","embeddable":true,"href":"https:\/\/www.remymartin.com\/fr-fr\/wp-json\/wp\/v2\/categories?post=1662"},{"taxonomy":"post_tag","embeddable":true,"href":"https:\/\/www.remymartin.com\/fr-fr\/wp-json\/wp\/v2\/tags?post=1662"}],"curies":[{"name":"wp","href":"https:\/\/api.w.org\/{rel}","templated":true}]}}