{"id":10173,"date":"2024-04-15T11:29:24","date_gmt":"2024-04-15T09:29:24","guid":{"rendered":"https:\/\/www.remymartin.com\/fr-fr\/?p=10173"},"modified":"2025-04-28T08:48:05","modified_gmt":"2025-04-28T06:48:05","slug":"reouverture-maison-historique","status":"publish","type":"post","link":"https:\/\/www.remymartin.com\/fr-fr\/news\/reouverture-maison-historique\/","title":{"rendered":"La r\u00e9ouverture de la maison historique au coeur de cognac"},"content":{"rendered":"<div class=\"slider-base hwb\" id=\"media-header-block_71766c1c8cfc1e8dbdc85d7b1c921eb9\">\n\t\t<div class=\"container\">\n\t\t<div class=\"slider-base__content d-flex flex-column justify-content-center justify-content-md-center rellax\" data-rellax-min=\"-200\" data-rellax-max=\"200\" data-rellax-speed=\"3\" data-rellax-xs-speed=\"0.8\">\n\t\t\t\t\t\t<div class=\"row\">\n\t\t\t\t<div class=\"col-9 col-md-6\">\n\t\t\t\t\t<span class=\"light h6\">300<sup style=\"text-transform: lowercase\">e<\/sup> Anniversaire de R\u00e9my Martin<\/span>\n\t\t\t\t<\/div>\n\t\t\t<\/div>\n\t\t\t\t\t\t<div class=\"row\">\n\t\t\t\t<div class=\"col-9 col-md-6\">\n\t\t\t\t\t<h1>La r\u00e9ouverture de la Maison historique de R\u00e9my Martin<\/h1>\n\t\t\t\t<\/div>\n\t\t\t<\/div>\n\t\t\t<div class=\"row\">\n\t\t\t\t<div class=\"col-10 col-md-5\">\n\t\t\t\t\t<p class=\"is-style-uppercase description\">\n\t\t\t\t\t\tR\u00e9my Martin c\u00e9l\u00e8bre son 300\u00e8me anniversaire avec la r\u00e9ouverture de sa Maison historique au c\u0153ur de Cognac\n\t\t\t\t\t<\/p>\n\t\t\t\t<\/div>\n\t\t\t<\/div>\n\t\t<\/div>\n\t\t\t\t\t<div class=\"slider-base__media \">\n\t\t\t\t  <picture>\n                      <source type=\"image\/webp\" data-srcset=\"https:\/\/static-prod.remymartin.com\/app\/uploads\/2024\/04\/Remy-Martin-Historic-House-Header-600x338.jpg 400w, https:\/\/static-prod.remymartin.com\/app\/uploads\/2024\/04\/Remy-Martin-Historic-House-Header-800x450.jpg 800w, https:\/\/static-prod.remymartin.com\/app\/uploads\/2024\/04\/Remy-Martin-Historic-House-Header-1200x675.jpg 1200w, https:\/\/static-prod.remymartin.com\/app\/uploads\/2024\/04\/Remy-Martin-Historic-House-Header-1600x900.jpg 1600w, https:\/\/static-prod.remymartin.com\/app\/uploads\/2024\/04\/Remy-Martin-Historic-House-Header-1900x1069.jpg 1900w\" data-sizes=\"100w\" \/>\n                      <img alt=\"\"  class=\"lazy\" data-srcset=\"https:\/\/static-prod.remymartin.com\/app\/uploads\/2024\/04\/Remy-Martin-Historic-House-Header-600x338.jpg 400w, https:\/\/static-prod.remymartin.com\/app\/uploads\/2024\/04\/Remy-Martin-Historic-House-Header-800x450.jpg 800w, https:\/\/static-prod.remymartin.com\/app\/uploads\/2024\/04\/Remy-Martin-Historic-House-Header-1200x675.jpg 1200w, https:\/\/static-prod.remymartin.com\/app\/uploads\/2024\/04\/Remy-Martin-Historic-House-Header-1600x900.jpg 1600w, https:\/\/static-prod.remymartin.com\/app\/uploads\/2024\/04\/Remy-Martin-Historic-House-Header-1900x1069.jpg 1900w\" data-sizes=\"100w\" width=\"1900\" height=\"1069\"\/>\n                  <\/picture>\n                    \n\t\t\t<\/div>\n\t\t\t\t\t\t<\/div>\n\t<\/div>\n\n\n<div class=\"section  alignfull\" style=\"\" id=\"headline-copy-big-block_4a7fd046e6957be1a7f00df3be3b66af\">\n\t\t<div class=\"offset-wrapper\" style=\"margin-top: -1vh; margin-bottom: 0vh;\">\n\t\t<div class=\"headline-copy-big\">\n\t\t<div class=\"container\">\n\t\t\t\t\t\t<div class=\"row justify-content-center align-center text-center\">\n\t\t\t\t<div class=\"col-12 col-md-10 col-lg-6\">\n\t\t\t\t\t\t\t\t<div >\n\t\t\t\t\t\t\t\t\t\t\t\t<h2><\/h2>\n\t\t\t\t\t\t<p class=\"m-t-20\"><i>12 avril 2024 &#8211; Cognac, France <\/i><br>\r\nCette ann\u00e9e, la Maison R\u00e9my Martin c\u00e9l\u00e8bre 300 ans de cognacs d\u2019exception, mais aussi de patrimoine, de savoir-faire et de passion. La Maison est fi\u00e8re de r\u00e9v\u00e9ler le nouveau visage de son site historique de Cognac, m\u00e9tamorphos\u00e9 apr\u00e8s trois ans de r\u00e9novation. Ce projet\r\nambitieux marque une nouvelle \u00e8re pour la Maison et inaugure de nouveaux parcours de visite.<\/p>\n\t\t\t\t\t<\/div>\n\t\t\t\t<\/div>\n\t\t\t<\/div>\n\t\t<\/div>\n\t<\/div>\n\t\t<\/div>\n\t<\/div>\n\n\n<div class=\"section  alignfull\" id=\"text-image-a-block_686714ee6083d412cc2403b75adb0d81\">\n\t\t<div class=\"etia\" data-module=\"content\/elements-text-image-a\/ElementsTextImageA\">\n\t\t<div class=\"container\">\n\t\t\t<div class=\"row no-gutters\">\n\t\t\t\t\t\t\t\t\t<div class=\"col-12 col-sm-8 col-md-6 col-lg-5\" data-rellax-min=\"0\" data-rellax-max=\"150\" data-rellax-speed=\"-0.8\">\n\t\t\t\t\t\t\t\t\t  <picture>\n                      <source type=\"image\/webp\" data-srcset=\"https:\/\/static-prod.remymartin.com\/app\/uploads\/2024\/04\/Remy-Martin-Historic-House-Section-1-Book-200x113.jpg 200w, https:\/\/static-prod.remymartin.com\/app\/uploads\/2024\/04\/Remy-Martin-Historic-House-Section-1-Book-600x338.jpg 400w, https:\/\/static-prod.remymartin.com\/app\/uploads\/2024\/04\/Remy-Martin-Historic-House-Section-1-Book-800x450.jpg 800w\" data-sizes=\"100w\" \/>\n                      <img alt=\"R\u00e9my Martin Historic House\"  class=\"lazy\" data-srcset=\"https:\/\/static-prod.remymartin.com\/app\/uploads\/2024\/04\/Remy-Martin-Historic-House-Section-1-Book-200x113.jpg 200w, https:\/\/static-prod.remymartin.com\/app\/uploads\/2024\/04\/Remy-Martin-Historic-House-Section-1-Book-600x338.jpg 400w, https:\/\/static-prod.remymartin.com\/app\/uploads\/2024\/04\/Remy-Martin-Historic-House-Section-1-Book-800x450.jpg 800w\" data-sizes=\"100w\" width=\"800\" height=\"450\"\/>\n                  <\/picture>\n                    \n\t\t\t\t<\/div>\n\t\t\t\t<div class=\"rellax\" data-rellax-min=\"-50\" data-rellax-max=\"50\" data-rellax-speed=\"0.8\" data-rellax-xs-speed=\"0.5\">\n\t\t\t\t\t<div class=\"text-layer\" >\n\t\t\t\t\t\t<div class=\"container-fluid\">\n\t\t\t\t\t\t\t<div class=\"row\">\n\t\t\t\t\t\t\t\t<div class=\"col-12\">\n\t\t\t\t\t\t\t\t\t<div class=\"row\">\n\t\t\t\t\t\t\t\t\t\t\t\t\t\t\t\t\t\t\t\t<div class=\"text-container offset-sm-1 offset-md-2 offset-lg-4 offset-xl-4\" >\n\t\t\t\t\t\t\t\t\t\t\t\t\t\t\t\t\t\t\t\t\t\t\t\t\t\t\t\t\t\t\t\t<div class=\"col-sm-9 col-lg-9\">\n\t\t\t\t\t\t\t\t\t\t\t\t\t\t\t\t\t\t\t\t\t\t\t\t\t<h4 class=\"title h5\">Un joyau tricentenaire sublim\u00e9<\/h4>\n\t\t\t\t\t\t\t\t\t\t\t\t\t\t\t\t\t\t\t\t\t\t\t\t\t\t\t\t\t\t\t\t\t\t\t<\/div>\n\t\t\t\t\t\t\t\t\t\t\t\t\t\t\t\t\t\t\t\t\t\t<div class=\"col-12 col-sm-10 col-md-12\">\n\t\t\t\t\t\t\t\t\t\t\t\t<div class=\"description\">\n\t\t\t\t\t\t\t\t\t\t\t\t\t<div class=\"row\">\n\t\t\t\t\t\t\t\t\t\t\t\t\t\t<div class=\"col-12 col-md-6 \">\n\t\t\t\t\t\t\t\t\t\t\t\t\t\t\t<p>Apr\u00e8s trois ann\u00e9es de r\u00e9novation, la Maison R\u00e9my Martin r\u00e9ouvre son site historique situ\u00e9 au c\u0153ur de Cognac. Sublim\u00e9 par l\u2019implication d\u2019artisans locaux et d\u2019artistes de renomm\u00e9e internationale, ce projet a \u00e9t\u00e9 inspir\u00e9 par la volont\u00e9 de pr\u00e9server l\u2019h\u00e9ritage de la Maison, tout en c\u00e9l\u00e9brant sa modernit\u00e9 et son esprit d\u2019innovation. Ce subtil \u00e9quilibre entre tradition, pr\u00e9sent et futur s\u2019incarne dans chaque espace, chaque d\u00e9tail, et plus globalement \u00e0 travers chaque parcours propos\u00e9 aux visiteurs, affirmant ainsi la volont\u00e9 de la Maison R\u00e9my Martin \u00e0 (re)devenir un v\u00e9ritable lieu de r\u00e9f\u00e9rence au sein de la ville.<\/p>\n\n\t\t\t\t\t\t\t\t\t\t\t\t\t\t<\/div>\n\t\t\t\t\t\t\t\t\t\t\t\t\t\t<div class=\"col-12 col-md-6\">\n\t\t\t\t\t\t\t\t\t\t\t\t\t\t\t<p>&#8220;La r\u00e9ouverture de la Maison historique R\u00e9my Martin inaugure ce nouveau chapitre de notre h\u00e9ritage. En nous associant aux viticulteurs de Grande et de Petite Champagne, en parrainant de nouveaux talents dans le monde entier, nous nous effor\u00e7ons de perp\u00e9tuer cet h\u00e9ritage pour les 300 ann\u00e9es \u00e0 venir. Elle incarne trois si\u00e8cles d\u2019excellence et de savoir faire transmis de g\u00e9n\u00e9ration en g\u00e9n\u00e9ration et t\u00e9moigne de notre attachement profond au terroir et \u00e0 ceux qui le cultivent.\u201d Marie-Am\u00e9lie de Leusse, Pr\u00e9sidente du Groupe R\u00e9my Cointreau<\/p>\n\n\t\t\t\t\t\t\t\t\t\t\t\t\t\t<\/div>\n\t\t\t\t\t\t\t\t\t\t\t\t\t<\/div>\n\t\t\t\t\t\t\t\t\t\t\t\t<\/div>\n\t\t\t\t\t\t\t\t\t\t\t\t<div class=\"ctas\">\n\t\t\t\t\t\t\t\t\t\t\t\t\t\t\t\t\t\t\t\t\t\t\t\t\t\t\t\t\t\t\t\t\t\t\t\t\t\t<\/div>\n\t\t\t\t\t\t\t\t\t\t\t<\/div>\n\t\t\t\t\t\t\t\t\t\t<\/div>\n\t\t\t\t\t\t\t\t\t<\/div>\n\t\t\t\t\t\t\t\t<\/div>\n\t\t\t\t\t\t\t<\/div>\n\t\t\t\t\t\t<\/div>\n\t\t\t\t\t<\/div>\n\t\t\t\t<\/div>\n\t\t\t<\/div>\n\t\t<\/div>\n\t<\/div>\n\t<\/div>\n\n\n<div class=\"fivt  alignfull\" id=\"media-fullwidth-textblock-block_bf7692f883ced960ef6117c1af1b5b4b\">\n\t\t\t\t<div class=\"fivt__media \"  aria-hidden=\"true\">\n\t\t\t  <picture>\n                      <source type=\"image\/webp\" data-srcset=\"https:\/\/static-prod.remymartin.com\/app\/uploads\/2024\/04\/Remy-Martin-Historic-House-Section-2-600x337.jpg 400w, https:\/\/static-prod.remymartin.com\/app\/uploads\/2024\/04\/Remy-Martin-Historic-House-Section-2-800x450.jpg 800w, https:\/\/static-prod.remymartin.com\/app\/uploads\/2024\/04\/Remy-Martin-Historic-House-Section-2-1200x675.jpg 1200w, https:\/\/static-prod.remymartin.com\/app\/uploads\/2024\/04\/Remy-Martin-Historic-House-Section-2-1600x900.jpg 1600w, https:\/\/static-prod.remymartin.com\/app\/uploads\/2024\/04\/Remy-Martin-Historic-House-Section-2.jpg 1900w\" data-sizes=\"100w\" \/>\n                      <img alt=\"R\u00e9my Martin Historic House\"  class=\"lazy\" data-srcset=\"https:\/\/static-prod.remymartin.com\/app\/uploads\/2024\/04\/Remy-Martin-Historic-House-Section-2-600x337.jpg 400w, https:\/\/static-prod.remymartin.com\/app\/uploads\/2024\/04\/Remy-Martin-Historic-House-Section-2-800x450.jpg 800w, https:\/\/static-prod.remymartin.com\/app\/uploads\/2024\/04\/Remy-Martin-Historic-House-Section-2-1200x675.jpg 1200w, https:\/\/static-prod.remymartin.com\/app\/uploads\/2024\/04\/Remy-Martin-Historic-House-Section-2-1600x900.jpg 1600w, https:\/\/static-prod.remymartin.com\/app\/uploads\/2024\/04\/Remy-Martin-Historic-House-Section-2.jpg 1900w\" data-sizes=\"100w\" width=\"1800\" height=\"1012\"\/>\n                  <\/picture>\n                    \n\t\t<\/div>\n\t\t\t\t\t<div class=\"rellax\" data-rellax-max=\"0\" data-rellax-min=\"-75\" data-rellax-speed=\"1\" data-rellax-xs-speed=\"0.5\">\n\t\t<div class=\"video-text-layer\">\n\t\t\t<div class=\"container\">\n\t\t\t\t<div class=\"row\">\n\t\t\t\t\t<div class=\"col-12 offset-sm-1 offset-md-2 offset-xl-3 col-sm-10 col-md-8 col-xl-6\">\n\t\t\t\t\t\t<div class=\"generic-text-layer\">\n\t\t\t\t\t\t\t\t\t\t\t\t\t\t<h4>Une immersion au coeur de la Maison historique<\/h4>\n\t\t\t\t\t\t\t<p class=\"description\"><\/p>\n\t\t\t\t\t\t\t\t\t\t\t\t\t\t\t\t\t\t\t\t<\/div>\n\t\t\t\t\t<\/div>\n\t\t\t\t<\/div>\n\t\t\t<\/div>\n\t\t<\/div>\n\t<\/div>\n\t\t<\/div>\n\n\n<div class=\"section\" id=\"copy-news-block_f7f0e9886f0b809c7cc697967a4e8b92\">\n\t\t<div class=\"offset-wrapper\" style=\"margin-top: -10vh; margin-bottom: 0vh;\">\n\t\t<div class=\"copy-news\">\n\t\t<div class=\"container\">\n\t\t\t<div class=\"row\">\n\t\t\t\t<div class=\"col-12 offset-md-2 col-md-8\">\n\t\t\t\t\t<p>Chaque espace d\u00e9voile une identit\u00e9 et un univers propres, mettant en sc\u00e8ne le patrimoine exceptionnel des lieux :<\/p>\n<p><strong>La Demeure historique<\/strong><br \/>\n\u00c9difice embl\u00e9matique du XIXe si\u00e8cle, elle sert d\u2019\u00e9crin \u00e0 l\u2019histoire et aux tr\u00e9sors de la Maison R\u00e9my Martin, et propose une immersion au c\u0153ur de 300 ans de patrimoine. Au fil des trois \u00e9tages, les visiteurs sont invit\u00e9s \u00e0 d\u00e9couvrir l\u2019\u00e9volution de la Maison sur plus de 500m2 sc\u00e9nographi\u00e9s o\u00f9 s\u2019exposent plusieurs centaines d\u2019objets de collection. De l\u2019accord royal de 1738 aux engagements RSE d\u2019aujourd\u2019hui, chacun pourra \u00e9galement admirer les \u0153uvres inspir\u00e9es par le centaure, embl\u00e8me iconique de R\u00e9my Martin, ou encore d\u00e9couvrir l\u2019histoire de LOUIS XIII Cognac et ses pi\u00e8ces d&#8217;exception r\u00e9v\u00e9l\u00e9es par le temps et ses savoir-faire uniques.<\/p>\n<p><strong>Le chai Francis<\/strong><br \/>\nMajestueux et monumental, ce chai de finition historique \u00e0 l\u2019architecture m\u00e9tallique, typique des constructions Eiffel, abrite 20 tonneaux en ch\u00eane dont une partie sert d\u00e9sormais de support \u00e0 une exp\u00e9rience de mapping 3D immersive.<\/p>\n<p><strong>La cour d\u2019honneur<\/strong><br \/>\nMise en verdure par le paysagiste de renomm\u00e9e internationale Louis Benech, la cour d&#8217;honneur offre un subtil contraste entre min\u00e9ralit\u00e9 et v\u00e9g\u00e9tation, essences locales (principalement ch\u00eanes verts) et exotiques (originaires du Japon, de la Chine ou encore du Mexique), et fait entrer la nature dans ce lieu historique.<\/p>\n<p><strong>Le Club R\u00e9my Martin<\/strong><br \/>\nCe lieu de r\u00e9ception incarne l\u2019hospitalit\u00e9 \u00e0 la fran\u00e7aise. Install\u00e9 dans un ancien chai, cet espace propose un bar, un salon ainsi que plusieurs salons de r\u00e9ception adapt\u00e9s \u00e0 tous types d\u2019\u00e9v\u00e9nements. En dehors des heures de repas, le Club peut ainsi accueillir des cocktails, des r\u00e9unions, des s\u00e9minaires ou encore des s\u00e9ances de formation.<\/p>\n\n\t\t\t\t<\/div>\n\t\t\t<\/div>\n\t\t<\/div>\n\t<\/div>\n\t\t<\/div>\n\t<\/div>\n\n\n<div class=\"section  alignfull\" id=\"text-image-d-block_f88567ebd5cd532bd833dba4124908de\">\n\t\t\t<div class=\"etid\" data-module=\"content\/elements-text-image-d\/ElementsTextImageD\">\n\t\t\t<div class=\"container\">\n\t\t\t\t<div class=\"row no-gutters\">\n\t\t\t\t\t<div class=\"col-12 col-sm-8 col-md-5 col-lg-5 col-xl-4\">\n\t\t\t\t\t\t  <picture>\n                      <source type=\"image\/webp\" data-srcset=\"https:\/\/static-prod.remymartin.com\/app\/uploads\/2024\/04\/Remy-Martin-Historic-House-Section-4-1-454x600.jpg 400w, https:\/\/static-prod.remymartin.com\/app\/uploads\/2024\/04\/Remy-Martin-Historic-House-Section-4-1-606x800.jpg 800w, https:\/\/static-prod.remymartin.com\/app\/uploads\/2024\/04\/Remy-Martin-Historic-House-Section-4-1.jpg 1200w\" data-sizes=\"100w\" \/>\n                      <img alt=\"\" data-rellax-speed=\"-0.5\" data-rellax-min=\"-200\" data-rellax-max=\"200\" data-rellax-xs-speed=\"-1\" class=\"image lazy-content-image\" data-srcset=\"https:\/\/static-prod.remymartin.com\/app\/uploads\/2024\/04\/Remy-Martin-Historic-House-Section-4-1-454x600.jpg 400w, https:\/\/static-prod.remymartin.com\/app\/uploads\/2024\/04\/Remy-Martin-Historic-House-Section-4-1-606x800.jpg 800w, https:\/\/static-prod.remymartin.com\/app\/uploads\/2024\/04\/Remy-Martin-Historic-House-Section-4-1.jpg 1200w\" data-sizes=\"100w\" width=\"900\" height=\"1189\"\/>\n                  <\/picture>\n                    \n\t\t\t\t\t<\/div>\n\t\t\t\t\t\t\t\t\t\t<div class=\"d-none d-md-block offset-1 col-sm-3 col-md-2 col-lg-2 ot-15\">\n\t\t\t\t\t\t  <picture>\n                      <source type=\"image\/webp\" data-srcset=\"https:\/\/static-prod.remymartin.com\/app\/uploads\/2024\/04\/Remy-Martin-Historic-House-Section-5-A-146x200.jpg 200w, https:\/\/static-prod.remymartin.com\/app\/uploads\/2024\/04\/Remy-Martin-Historic-House-Section-5-A-438x600.jpg 400w\" data-sizes=\"100w\" \/>\n                      <img alt=\"\" data-rellax-speed=\"1\" data-rellax-min=\"-200\" data-rellax-max=\"200\" class=\"rellax lazy-content-image\" data-srcset=\"https:\/\/static-prod.remymartin.com\/app\/uploads\/2024\/04\/Remy-Martin-Historic-House-Section-5-A-146x200.jpg 200w, https:\/\/static-prod.remymartin.com\/app\/uploads\/2024\/04\/Remy-Martin-Historic-House-Section-5-A-438x600.jpg 400w\" data-sizes=\"100w\" width=\"438\" height=\"600\"\/>\n                  <\/picture>\n                    \n\t\t\t\t\t<\/div>\n\t\t\t\t\t\t\t\t\t\t<div class=\"rellax\" data-rellax-min=\"-50\" data-rellax-max=\"50\" data-rellax-speed=\"0.8\" data-rellax-xs-speed=\"0.5\">\n\t\t\t\t\t\t<div class=\"text-layer\" >\n\t\t\t\t\t\t\t<div class=\"container-fluid\">\n\t\t\t\t\t\t\t\t<div class=\"row\">\n\t\t\t\t\t\t\t\t\t<div class=\"col-12\">\n\t\t\t\t\t\t\t\t\t\t<div class=\"row\">\n\t\t\t\t\t\t\t\t\t\t\t<div class=\"text-container offset-sm-2 offset-lg-1 offset-xl-2\" >\n\t\t\t\t\t\t\t\t\t\t\t\t\t\t\t\t\t\t\t\t\t\t\t\t<div class=\"col-sm-10 col-lg-10 col-xl-7\">\n\t\t\t\t\t\t\t\t\t\t\t\t\t\t\t\t\t\t\t\t\t\t\t\t\t\t<h5 class=\"title h5\">Un site plein des surprises<\/h5>\n\t\t\t\t\t\t\t\t\t\t\t\t\t\t\t\t\t\t\t\t\t\t\t\t\t\t\t\t\t\t\t\t\t\t\t\t\t\t<\/div>\n\t\t\t\t\t\t\t\t\t\t\t\t\t\t\t\t\t\t\t\t\t\t\t\t<div class=\"col-12 col-sm-10 col-md-12\">\n\t\t\t\t\t\t\t\t\t\t\t\t\t<div class=\"description\">\n\t\t\t\t\t\t\t\t\t\t\t\t\t\t<div class=\"row\">\n\t\t\t\t\t\t\t\t\t\t\t\t\t\t\t<div class=\"col-12 col-sm-12 col-md-6 col-xl-5 \">\n\t\t\t\t\t\t\t\t\t\t\t\t\t\t\t\t<p>Articul\u00e9 autour de l\u2019\u00e9l\u00e9gante demeure centrale, le site rec\u00e8le de d\u00e9couvertes, comme les \u0153uvres de street art de la rue int\u00e9rieure, le chai d\u2019Isly et son alambic historique, la sublime verri\u00e8re qui donne sur la cour d\u2019honneur ou encore les boutiques R\u00e9my Martin et LOUIS XIII Cognac. Ce nouvel ensemble s\u2019inscrit dans un projet plus vaste d\u2019harmonisation d\u2019une vingtaine de b\u00e2timents datant des XVIII, XIX et XXe si\u00e8cles, des anciens chais mais aussi d\u2019\u00e9l\u00e9gants jardins.<\/p>\n\n\t\t\t\t\t\t\t\t\t\t\t\t\t\t\t<\/div>\n\t\t\t\t\t\t\t\t\t\t\t\t\t\t\t<div class=\"col-12 col-sm-12 col-md-6 col-xl-5\">\n\t\t\t\t\t\t\t\t\t\t\t\t\t\t\t\t<p>L\u2019exp\u00e9rience s\u2019\u00e9tend ainsi au-del\u00e0 de Cognac, avec le site d\u2019\u00e9laboration de Merpins et ses 32 chais, si vaste qu\u2019on le parcourt en petit train ; la distillerie de Juillac-le-Coq et son salon de r\u00e9ception face au vignoble, ou encore le domaine familial du Grollet sp\u00e9cifiquement d\u00e9di\u00e9 \u00e0 LOUIS XIII.<\/p>\n\n\t\t\t\t\t\t\t\t\t\t\t\t\t\t\t<\/div>\n\t\t\t\t\t\t\t\t\t\t\t\t\t\t<\/div>\n\t\t\t\t\t\t\t\t\t\t\t\t\t<\/div>\n\t\t\t\t\t\t\t\t\t\t\t\t\t\t\t\t\t\t\t\t\t\t\t\t\t\t\t\t\t\t\t\t\t\t\t\t\t\t<\/div>\n\t\t\t\t\t\t\t\t\t\t\t<\/div>\n\t\t\t\t\t\t\t\t\t\t<\/div>\n\t\t\t\t\t\t\t\t\t<\/div>\n\t\t\t\t\t\t\t\t<\/div>\n\t\t\t\t\t\t\t<\/div>\n\t\t\t\t\t\t<\/div>\n\t\t\t\t\t<\/div>\n\t\t\t\t<\/div>\n\t\t\t<\/div>\n\t\t<\/div>\n\t<\/div>\n\n\n<div class=\"section  alignfull\" id=\"text-image-e-block_4c20de951a3bc65df03d7fd8b2b9e47d\">\n\t\t\t<div class=\"etie\" data-module=\"content\/elements-text-image-e\/ElementsTextImageE\">\n\t\t\t<div class=\"container\">\n\t\t\t\t<div class=\"row\">\n\t\t\t\t\t\t\t\t\t\t<div class=\"d-none d-sm-block offset-0 offset-lg-2 col-sm-4 col-lg-3 ot-15\">\n\t\t\t\t\t\t  <picture>\n                      <source type=\"image\/webp\" data-srcset=\"https:\/\/static-prod.remymartin.com\/app\/uploads\/2024\/04\/Remy-Martin-Historic-House-Section-6-b-138x200.jpg 200w, https:\/\/static-prod.remymartin.com\/app\/uploads\/2024\/04\/Remy-Martin-Historic-House-Section-6-b-414x600.jpg 400w, https:\/\/static-prod.remymartin.com\/app\/uploads\/2024\/04\/Remy-Martin-Historic-House-Section-6-b-552x800.jpg 800w\" data-sizes=\"100w\" \/>\n                      <img alt=\"Remy Martin Historic House\" data-rellax-speed=\"1\" data-rellax-min=\"-200\" data-rellax-max=\"150\" class=\"rellax lazy-content-image\" data-srcset=\"https:\/\/static-prod.remymartin.com\/app\/uploads\/2024\/04\/Remy-Martin-Historic-House-Section-6-b-138x200.jpg 200w, https:\/\/static-prod.remymartin.com\/app\/uploads\/2024\/04\/Remy-Martin-Historic-House-Section-6-b-414x600.jpg 400w, https:\/\/static-prod.remymartin.com\/app\/uploads\/2024\/04\/Remy-Martin-Historic-House-Section-6-b-552x800.jpg 800w\" data-sizes=\"100w\" width=\"552\" height=\"800\"\/>\n                  <\/picture>\n                    \n\t\t\t\t\t<\/div>\n\t\t\t\t\t\t\t\t\t\t<div class=\"col-12 offset-0 col-sm-8 col-lg-7 col-xl-6\">\n\t\t\t\t\t\t  <picture>\n                      <source type=\"image\/webp\" data-srcset=\"https:\/\/static-prod.remymartin.com\/app\/uploads\/2024\/04\/Remy-Martin-Historic-House-Section-6-600x378.jpg 400w, https:\/\/static-prod.remymartin.com\/app\/uploads\/2024\/04\/Remy-Martin-Historic-House-Section-6-800x504.jpg 800w, https:\/\/static-prod.remymartin.com\/app\/uploads\/2024\/04\/Remy-Martin-Historic-House-Section-6-1200x756.jpg 1200w\" data-sizes=\"100w\" \/>\n                      <img alt=\"Centaur\" data-rellax-speed=\"0\" data-rellax-xs-speed=\"-1\" data-rellax-min=\"-200\" data-rellax-max=\"200\" class=\"rellax image lazy-content-image\" data-srcset=\"https:\/\/static-prod.remymartin.com\/app\/uploads\/2024\/04\/Remy-Martin-Historic-House-Section-6-600x378.jpg 400w, https:\/\/static-prod.remymartin.com\/app\/uploads\/2024\/04\/Remy-Martin-Historic-House-Section-6-800x504.jpg 800w, https:\/\/static-prod.remymartin.com\/app\/uploads\/2024\/04\/Remy-Martin-Historic-House-Section-6-1200x756.jpg 1200w\" data-sizes=\"100w\" width=\"1200\" height=\"756\"\/>\n                  <\/picture>\n                    \n\t\t\t\t\t<\/div>\n\t\t\t\t\t<div class=\"rellax\" data-rellax-min=\"-50\" data-rellax-max=\"50\" data-rellax-speed=\"0.8\" data-rellax-xs-speed=\"0.5\">\n\t\t\t\t\t\t<div class=\"text-layer\" >\n\t\t\t\t\t\t\t<div class=\"col-12\">\n\t\t\t\t\t\t\t\t<div class=\"row\">\n\t\t\t\t\t\t\t\t\t<div class=\"text-container offset-0 offset-sm-1 offset-md-1 offset-lg-1\">\n\t\t\t\t\t\t\t\t\t\t\t\t\t\t\t\t\t\t\t\t\t<div class=\"col-12 col-sm-12 col-md-12 col-lg-10 col-xl-9 with-bg\" >\n\t\t\t\t\t\t\t\t\t\t\t\t\t\t\t\t\t\t\t\t\t\t\t\t\t<h4 class=\"title h5\">Nouveau exp\u00e9riences de R\u00e9my Martin<\/h4>\n\t\t\t\t\t\t\t\t\t\t\t\t\t\t\t\t\t\t\t\t\t\t\t\t\t\t\t\t\t\t\t\t\t\t\t<\/div>\n\t\t\t\t\t\t\t\t\t\t\t\t\t\t\t\t\t\t\t\t<div class=\"col-12 col-sm-12 col-md-12 col-lg-10 col-xl-9\" >\n\t\t\t\t\t\t\t\t\t\t\t<div class=\"description\">\n\t\t\t\t\t\t\t\t\t\t\t\t<div class=\"row\">\n\t\t\t\t\t\t\t\t\t\t\t\t\t<div class=\"col-12 col-md-6 \" >\n\t\t\t\t\t\t\t\t\t\t\t\t\t\t<p>En 2024, la Maison R\u00e9my Martin invite ainsi le monde entier \u00e0 red\u00e9couvrir son h\u00e9ritage \u00e0 travers une trentaine de parcours de visite diff\u00e9rents et un vaste programme d\u2019activations aux quatre coins du monde, offrant une perspective aussi unique qu\u2019exceptionnelle sur le pass\u00e9, le pr\u00e9sent et l&#8217;avenir de la Maison. Cet anniversaire ancre la marque dans le paysage culturel et \u00e9conomique du cognac et consolide son r\u00f4le dans la promotion du savoir-faire fran\u00e7ais sur la sc\u00e8ne internationale.<\/p>\n\n\t\t\t\t\t\t\t\t\t\t\t\t\t<\/div>\n\t\t\t\t\t\t\t\t\t\t\t\t\t<div class=\"col-12 col-md-6\" >\n\t\t\t\t\t\t\t\t\t\t\t\t\t\t<p>&#8220;Notre Maison jouit d&#8217;une riche histoire d&#8217;hospitalit\u00e9, et nous sommes ravis de pouvoir la partager de nouveau avec nos clients. La r\u00e9ouverture de ce site historique \u00e0 l&#8217;occasion du 300\u00e8me anniversaire rend l&#8217;\u00e9v\u00e9nement exceptionnel. Notre ancrage dans la r\u00e9gion de Cognac est profond, et le travail que nous avons accompli depuis 300 ans nous a permis de nous positionner en ambassadeurs d&#8217;un savoir-faire aussi exceptionnel que durable. La transformation de notre Maison t\u00e9moigne d&#8217;une histoire familiale empreinte de talent et de passion, mais aussi d\u2019un respect profond du terroir et d\u2019une qu\u00eate inlassable d&#8217;un Cognac Fine Champagne incomparable. Nous sommes impatients de vous accueillir.\u201d Jean-Philippe Hecquet, Pr\u00e9sident de la Maison R\u00e9my Martin<\/p>\n\n\t\t\t\t\t\t\t\t\t\t\t\t\t<\/div>\n\t\t\t\t\t\t\t\t\t\t\t\t<\/div>\n\t\t\t\t\t\t\t\t\t\t\t<\/div>\n\t\t\t\t\t\t\t\t\t\t\t\t\t\t\t\t\t\t\t\t\t\t\t<div class=\"ctas\">\n\t\t\t\t\t\t\t\t\t\t\t\t\t\t\t\t\t\t\t\t\t\t\t\t\t\t\t<a target=\"_blank\" rel=\"noopener\" class=\"btn btn-md btn-primary\" href=\"https:\/\/www.remymartin.com\/fr-fr\/visitez-nous\/\">D\u00e9couvrez nos visites<\/a>\n\t\t\t\t\t\t\t\t\t\t\t\t\t\t\t\t\t\t\t\t\t\t\t\t\t\t\t\t\t\t\t\t\t\t\t\t\t\t<\/div>\n\t\t\t\t\t\t\t\t\t\t\t\t\t\t\t\t\t\t\t\t\t<\/div>\n\t\t\t\t\t\t\t\t\t<\/div>\n\t\t\t\t\t\t\t\t<\/div>\n\t\t\t\t\t\t\t<\/div>\n\t\t\t\t\t\t<\/div>\n\t\t\t\t\t<\/div>\n\t\t\t\t\t<!-- end text-layer -->\n\t\t\t\t<\/div>\n\t\t\t<\/div>\n\t\t<\/div>\n\t<\/div>\n\n\n<div class=\"section-wrapper  alignfull \" id=\"section-wrapper-block_33df90e1f416cdc4a670b7a48352e801\"\n\t style=\"background-color: #f0f0f0\"\n\t \t>\n\t\n<div class=\"section  alignfull\" id=\"related-teaser-4321-small-block_f2bb5d5eade90a1029c58ad7cb3e8ef3\">\n\t\t<div class=\"offset-wrapper\" style=\"margin-top: 5vh; margin-bottom: 8vh;\">\n\t\t<div class=\"fttorts\">\n\t\t<div class=\"container\">\n\t\t\t<div class=\"row no-gutters justify-content-md-center\">\n\t\t\t\t<div class=\"col-12 col-md-10\">\n\t\t\t\t\t<div class=\"row justify-content-md-center\">\n\t\t\t\t\t\t\t\t\t\t\t\t<div class=\"col-12 fttorts__headline_wrapper\">\n\t\t\t\t\t\t\t\t\t\t\t\t\t\t<h3>D\u00c9COUVREZ\u2026<\/h3>\n\t\t\t\t\t\t\t\t\t\t\t\t\t\t\t\t\t\t\t\t<\/div>\n\t\t\t\t\t\t\t\t\t\t\t\t\t\t\t\t\t\t\t\t\t\t\t\t\t<div class=\"col-6 col-md-3\">\n\t\t\t\t\t\t\t\t<div>\n\t\t\t\t\t\t\t\t\t<a  href=\"https:\/\/www.remymartin.com\/fr-fr\/actualites\/\">\n\t\t\t\t\t\t\t\t\t\t<div class=\"image-container\">\n\t\t\t\t\t\t\t\t\t\t\t  <picture>\n                      <source type=\"image\/webp\" data-srcset=\"https:\/\/static-prod.remymartin.com\/app\/uploads\/2023\/05\/twitter-remy-martin-centaur-kv-2023-01-200x100.jpg 200w, https:\/\/static-prod.remymartin.com\/app\/uploads\/2023\/05\/twitter-remy-martin-centaur-kv-2023-01-600x300.jpg 400w\" data-sizes=\"100w\" \/>\n                      <img alt=\"R\u00e9my Martin Centaur\"  class=\"lazy\" data-srcset=\"https:\/\/static-prod.remymartin.com\/app\/uploads\/2023\/05\/twitter-remy-martin-centaur-kv-2023-01-200x100.jpg 200w, https:\/\/static-prod.remymartin.com\/app\/uploads\/2023\/05\/twitter-remy-martin-centaur-kv-2023-01-600x300.jpg 400w\" data-sizes=\"100w\" width=\"600\" height=\"300\"\/>\n                  <\/picture>\n                    \n\t\t\t\t\t\t\t\t\t\t<\/div>\n\t\t\t\t\t\t\t\t\t\t<p class=\"fttorts__headline\">ACTUALIT\u00c9S<\/p>\n\t\t\t\t\t\t\t\t\t\t<div class=\"fttorts__description\">\n\t\t\t\t\t\t\t\t\t\t\t<p>C\u00e9l\u00e9brez avec nous partout dans le monde le savoir-faire.<\/p>\n\t\t\t\t\t\t\t\t\t\t<\/div>\n\t\t\t\t\t\t\t\t\t\t<button class=\"btn btn-sm\">LIRE LA SUITE<\/button>\n\t\t\t\t\t\t\t\t\t<\/a>\n\t\t\t\t\t\t\t\t<\/div>\n\t\t\t\t\t\t\t<\/div>\n\t\t\t\t\t\t\t\t\t\t\t\t\t\t\t\t\t\t\t\t<div class=\"col-6 col-md-3\">\n\t\t\t\t\t\t\t\t<div>\n\t\t\t\t\t\t\t\t\t<a  href=\"https:\/\/www.remymartin.com\/fr-fr\/collection\/\">\n\t\t\t\t\t\t\t\t\t\t<div class=\"image-container\">\n\t\t\t\t\t\t\t\t\t\t\t  <picture>\n                      <source type=\"image\/webp\" data-srcset=\"https:\/\/static-prod.remymartin.com\/app\/uploads\/2025\/11\/socials-remy-martin-collection-2025-international-usa-4-products-251103-01-200x105.jpg 200w, https:\/\/static-prod.remymartin.com\/app\/uploads\/2025\/11\/socials-remy-martin-collection-2025-international-usa-4-products-251103-01-600x314.jpg 400w\" data-sizes=\"100w\" \/>\n                      <img alt=\"Four bottles of the R\u00e9my Martin product range \u2013 TERCET, XO, 1738 Accord Royal and VSOP\"  class=\"lazy\" data-srcset=\"https:\/\/static-prod.remymartin.com\/app\/uploads\/2025\/11\/socials-remy-martin-collection-2025-international-usa-4-products-251103-01-200x105.jpg 200w, https:\/\/static-prod.remymartin.com\/app\/uploads\/2025\/11\/socials-remy-martin-collection-2025-international-usa-4-products-251103-01-600x314.jpg 400w\" data-sizes=\"100w\" width=\"600\" height=\"314\"\/>\n                  <\/picture>\n                    \n\t\t\t\t\t\t\t\t\t\t<\/div>\n\t\t\t\t\t\t\t\t\t\t<p class=\"fttorts__headline\">LA COLLECTION<\/p>\n\t\t\t\t\t\t\t\t\t\t<div class=\"fttorts__description\">\n\t\t\t\t\t\t\t\t\t\t\t<p>Dans le respect absolu de notre h\u00e9ritage, de notre savoir-faire et de notre terroir, nous produisons des spiritueux embl\u00e9matiques, d\u2019une qualit\u00e9 exceptionnelle.<\/p>\n\t\t\t\t\t\t\t\t\t\t<\/div>\n\t\t\t\t\t\t\t\t\t\t<button class=\"btn btn-sm\">LIRE LA SUITE<\/button>\n\t\t\t\t\t\t\t\t\t<\/a>\n\t\t\t\t\t\t\t\t<\/div>\n\t\t\t\t\t\t\t<\/div>\n\t\t\t\t\t\t\t\t\t\t\t\t\t\t\t\t\t\t\t\t<div class=\"col-6 col-md-3\">\n\t\t\t\t\t\t\t\t<div>\n\t\t\t\t\t\t\t\t\t<a  href=\"https:\/\/www.remymartin.com\/fr-fr\/cocktails\/discover-cocktails\/\">\n\t\t\t\t\t\t\t\t\t\t<div class=\"image-container\">\n\t\t\t\t\t\t\t\t\t\t\t  <picture>\n                      <source type=\"image\/webp\" data-srcset=\"https:\/\/static-prod.remymartin.com\/app\/uploads\/2025\/11\/socials-remy-martin-remy-ginger-cocktails-251103-01-200x105.jpg 200w, https:\/\/static-prod.remymartin.com\/app\/uploads\/2025\/11\/socials-remy-martin-remy-ginger-cocktails-251103-01-600x314.jpg 400w\" data-sizes=\"100w\" \/>\n                      <img alt=\"A bottle of R\u00e9my Martin VSOP and two R\u00e9my Ginger cocktails served in a highball glass\"  class=\"lazy\" data-srcset=\"https:\/\/static-prod.remymartin.com\/app\/uploads\/2025\/11\/socials-remy-martin-remy-ginger-cocktails-251103-01-200x105.jpg 200w, https:\/\/static-prod.remymartin.com\/app\/uploads\/2025\/11\/socials-remy-martin-remy-ginger-cocktails-251103-01-600x314.jpg 400w\" data-sizes=\"100w\" width=\"600\" height=\"314\"\/>\n                  <\/picture>\n                    \n\t\t\t\t\t\t\t\t\t\t<\/div>\n\t\t\t\t\t\t\t\t\t\t<p class=\"fttorts__headline\">cocktails<\/p>\n\t\t\t\t\t\t\t\t\t\t<div class=\"fttorts__description\">\n\t\t\t\t\t\t\t\t\t\t\t<p>Classiques ou modernes&nbsp;: d\u00e9couvrez nos recettes \u00e0 base de cognac.<\/p>\n\t\t\t\t\t\t\t\t\t\t<\/div>\n\t\t\t\t\t\t\t\t\t\t<button class=\"btn btn-sm\">LIRE LA SUITE<\/button>\n\t\t\t\t\t\t\t\t\t<\/a>\n\t\t\t\t\t\t\t\t<\/div>\n\t\t\t\t\t\t\t<\/div>\n\t\t\t\t\t\t\t\t\t\t\t\t\t\t\t\t\t\t\t\t<div class=\"col-6 col-md-3\">\n\t\t\t\t\t\t\t\t<div>\n\t\t\t\t\t\t\t\t\t<a  href=\"https:\/\/www.remymartin.com\/fr-fr\/comment-deguster-le-cognac\/\">\n\t\t\t\t\t\t\t\t\t\t<div class=\"image-container\">\n\t\t\t\t\t\t\t\t\t\t\t  <picture>\n                      <source type=\"image\/webp\" data-srcset=\"https:\/\/static-prod.remymartin.com\/app\/uploads\/2024\/06\/related-teaser-how-to-drink-cognac-260209-01-200x115.jpg 200w, https:\/\/static-prod.remymartin.com\/app\/uploads\/2024\/06\/related-teaser-how-to-drink-cognac-260209-01.jpg 400w\" data-sizes=\"100w\" \/>\n                      <img alt=\"Two crystal tumblers filled with cognac served neat placed on a table, highlighting its rich amber hue, the background is blurred with some bokeh.\"  class=\"lazy\" data-srcset=\"https:\/\/static-prod.remymartin.com\/app\/uploads\/2024\/06\/related-teaser-how-to-drink-cognac-260209-01-200x115.jpg 200w, https:\/\/static-prod.remymartin.com\/app\/uploads\/2024\/06\/related-teaser-how-to-drink-cognac-260209-01.jpg 400w\" data-sizes=\"100w\" width=\"444\" height=\"256\"\/>\n                  <\/picture>\n                    \n\t\t\t\t\t\t\t\t\t\t<\/div>\n\t\t\t\t\t\t\t\t\t\t<p class=\"fttorts__headline\">COMMENT D\u00c9GUSTER LE COGNAC<\/p>\n\t\t\t\t\t\t\t\t\t\t<div class=\"fttorts__description\">\n\t\t\t\t\t\t\t\t\t\t\t<p>Gr\u00e2ce \u00e0 sa polyvalence, le cognac R\u00e9my&nbsp;Martin peut \u00eatre savour\u00e9 \u00e0 diverses occasions. <\/p>\n\t\t\t\t\t\t\t\t\t\t<\/div>\n\t\t\t\t\t\t\t\t\t\t<button class=\"btn btn-sm\">LIRE LA SUITE<\/button>\n\t\t\t\t\t\t\t\t\t<\/a>\n\t\t\t\t\t\t\t\t<\/div>\n\t\t\t\t\t\t\t<\/div>\n\t\t\t\t\t\t\t\t\t\t\t\t\t\t\t\t\t\t<\/div>\n\t\t\t\t<\/div>\n\t\t\t<\/div>\n\t\t<\/div>\n\t<\/div>\n\t\t<\/div>\n\t<\/div>\n\n\n<\/div>\n\n\n<div class=\"section  is-style-bg-grey alignfull\" id=\"product-slider-block_9d8cf1aa1d885200ff97e1e27f25e5fe\">\n\t\t<div class=\"offset-wrapper\" style=\"margin-top: 5vh; margin-bottom: 5vh;\">\n\t\t<div class=\"product-slider\"\n\t\t data-module=\"slider\/product-slider\/ProductSlider\"\n\t\t \n\t\t aria-label=\"D\u00e9couvrez nos cognacs slider\">\n\t\t<div class=\"container\">\n\t\t\t<div class=\"row justify-content-center\">\n\t\t\t\t<div class=\"d-flex flex-column col-12 col-sm-8 col-md-6 col-lg-6 m-auto justify-content-center align-items-center text-center\">\n\t\t\t\t\t\t\t\t\t\t<h4 class=\"light h6\">la collection<\/h4>\n\t\t\t\t\t\t\t\t\t\t\t\t\t\t\t\t<h3>D\u00e9couvrez nos cognacs<\/h3>\n\t\t\t\t\t\t\t\t\t<\/div>\n\t\t\t<\/div>\n\t\t<\/div>\n\t\t<div class=\"container\">\n\t\t\t<div class=\"row justify-content-center\">\n\t\t\t\t<div class=\"col-12 \">\n\t\t\t\t\t<button type=\"button\" class=\"swiper-button-prev\"><\/button>\n\t\t\t\t\t<button type=\"button\" class=\"swiper-button-next\"><\/button>\n\n\t\t\t\t\t<div class=\"swiper\">\n\t\t\t\t\t\t<div class=\"swiper-wrapper\" id=\"product-slides-product-slider-block_9d8cf1aa1d885200ff97e1e27f25e5fe\">\n\t\t\t\t\t\t\t\t\t\t\t\t\t\t\t\t\t\t\t\t\t\t\t\t\t\t\t\t\t\t<div class=\"swiper-slide\">\n\t\t\t\t\t\t\t\t\t<a href=\"https:\/\/www.remymartin.com\/fr-fr\/collection\/vsop\/\">\n\t\t\t\t\t\t\t\t\t\t\t\t\t\t\t\t\t\t\t\t  <picture>\n                      <source type=\"image\/webp\" data-srcset=\"https:\/\/static-prod.remymartin.com\/app\/uploads\/2025\/10\/collection-remy-martin-vsop-2025-light-251029-01-140x200.png 200w, https:\/\/static-prod.remymartin.com\/app\/uploads\/2025\/10\/collection-remy-martin-vsop-2025-light-251029-01-421x600.png 400w, https:\/\/static-prod.remymartin.com\/app\/uploads\/2025\/10\/collection-remy-martin-vsop-2025-light-251029-01-562x800.png 800w\" data-sizes=\"100w\" \/>\n                      <img alt=\"R\u00e9my Martin VSOP bottle\"  class=\"lazy\" data-srcset=\"https:\/\/static-prod.remymartin.com\/app\/uploads\/2025\/10\/collection-remy-martin-vsop-2025-light-251029-01-140x200.png 200w, https:\/\/static-prod.remymartin.com\/app\/uploads\/2025\/10\/collection-remy-martin-vsop-2025-light-251029-01-421x600.png 400w, https:\/\/static-prod.remymartin.com\/app\/uploads\/2025\/10\/collection-remy-martin-vsop-2025-light-251029-01-562x800.png 800w\" data-sizes=\"100w\" width=\"562\" height=\"800\"\/>\n                  <\/picture>\n                    \n\t\t\t\t\t\t\t\t\t\t\t\t\t\t\t\t\t\t\t\t<div class=\"product-description\">\n\t\t\t\t\t\t\t\t\t\t\t<span class=\"flagline\">R\u00e9my Martin<\/span>\n\t\t\t\t\t\t\t\t\t\t\t<span class=\"title\">VSOP<\/span>\n\t\t\t\t\t\t\t\t\t\t\t\t\t\t\t\t\t\t\t\t\t<\/div>\n\t\t\t\t\t\t\t\t\t<\/a>\n\t\t\t\t\t\t\t\t<\/div>\n\t\t\t\t\t\t\t\t\t\t\t\t\t\t\t\t\t\t\t\t\t\t\t<div class=\"swiper-slide\">\n\t\t\t\t\t\t\t\t\t<a href=\"https:\/\/www.remymartin.com\/fr-fr\/collection\/1738-accord-royal\/\">\n\t\t\t\t\t\t\t\t\t\t\t\t\t\t\t\t\t\t\t\t  <picture>\n                      <source type=\"image\/webp\" data-srcset=\"https:\/\/static-prod.remymartin.com\/app\/uploads\/sites\/3\/2024\/02\/collection-remy-martin-1738-accord-royal-light-240209-01-140x200.png 200w, https:\/\/static-prod.remymartin.com\/app\/uploads\/sites\/3\/2024\/02\/collection-remy-martin-1738-accord-royal-light-240209-01-421x600.png 400w, https:\/\/static-prod.remymartin.com\/app\/uploads\/sites\/3\/2024\/02\/collection-remy-martin-1738-accord-royal-light-240209-01-562x800.png 800w\" data-sizes=\"100w\" \/>\n                      <img alt=\"R\u00e9my Martin 1738 Accord Royal\"  class=\"lazy\" data-srcset=\"https:\/\/static-prod.remymartin.com\/app\/uploads\/sites\/3\/2024\/02\/collection-remy-martin-1738-accord-royal-light-240209-01-140x200.png 200w, https:\/\/static-prod.remymartin.com\/app\/uploads\/sites\/3\/2024\/02\/collection-remy-martin-1738-accord-royal-light-240209-01-421x600.png 400w, https:\/\/static-prod.remymartin.com\/app\/uploads\/sites\/3\/2024\/02\/collection-remy-martin-1738-accord-royal-light-240209-01-562x800.png 800w\" data-sizes=\"100w\" width=\"562\" height=\"800\"\/>\n                  <\/picture>\n                    \n\t\t\t\t\t\t\t\t\t\t\t\t\t\t\t\t\t\t\t\t<div class=\"product-description\">\n\t\t\t\t\t\t\t\t\t\t\t<span class=\"flagline\">R\u00e9my Martin<\/span>\n\t\t\t\t\t\t\t\t\t\t\t<span class=\"title\">1738 Accord Royal<\/span>\n\t\t\t\t\t\t\t\t\t\t\t\t\t\t\t\t\t\t\t\t\t<\/div>\n\t\t\t\t\t\t\t\t\t<\/a>\n\t\t\t\t\t\t\t\t<\/div>\n\t\t\t\t\t\t\t\t\t\t\t\t\t\t\t\t\t\t\t\t\t\t\t<div class=\"swiper-slide\">\n\t\t\t\t\t\t\t\t\t<a href=\"https:\/\/www.remymartin.com\/fr-fr\/collection\/tercet\/\">\n\t\t\t\t\t\t\t\t\t\t\t\t\t\t\t\t\t\t\t\t  <picture>\n                      <source type=\"image\/webp\" data-srcset=\"https:\/\/static-prod.remymartin.com\/app\/uploads\/sites\/3\/2021\/01\/collection-remy-martin-tercet-03-140x200.png 200w, https:\/\/static-prod.remymartin.com\/app\/uploads\/sites\/3\/2021\/01\/collection-remy-martin-tercet-03-421x600.png 400w, https:\/\/static-prod.remymartin.com\/app\/uploads\/sites\/3\/2021\/01\/collection-remy-martin-tercet-03-562x800.png 800w\" data-sizes=\"100w\" \/>\n                      <img alt=\"Remy Martin Tercet\"  class=\"lazy\" data-srcset=\"https:\/\/static-prod.remymartin.com\/app\/uploads\/sites\/3\/2021\/01\/collection-remy-martin-tercet-03-140x200.png 200w, https:\/\/static-prod.remymartin.com\/app\/uploads\/sites\/3\/2021\/01\/collection-remy-martin-tercet-03-421x600.png 400w, https:\/\/static-prod.remymartin.com\/app\/uploads\/sites\/3\/2021\/01\/collection-remy-martin-tercet-03-562x800.png 800w\" data-sizes=\"100w\" width=\"562\" height=\"800\"\/>\n                  <\/picture>\n                    \n\t\t\t\t\t\t\t\t\t\t\t\t\t\t\t\t\t\t\t\t<div class=\"product-description\">\n\t\t\t\t\t\t\t\t\t\t\t<span class=\"flagline\">R\u00e9my Martin<\/span>\n\t\t\t\t\t\t\t\t\t\t\t<span class=\"title\">Tercet<\/span>\n\t\t\t\t\t\t\t\t\t\t\t\t\t\t\t\t\t\t\t\t\t<\/div>\n\t\t\t\t\t\t\t\t\t<\/a>\n\t\t\t\t\t\t\t\t<\/div>\n\t\t\t\t\t\t\t\t\t\t\t\t\t\t\t\t\t\t\t\t\t\t\t<div class=\"swiper-slide\">\n\t\t\t\t\t\t\t\t\t<a href=\"https:\/\/www.remymartin.com\/fr-fr\/collection\/xo\/\">\n\t\t\t\t\t\t\t\t\t\t\t\t\t\t\t\t\t\t\t\t  <picture>\n                      <source type=\"image\/webp\" data-srcset=\"https:\/\/static-prod.remymartin.com\/app\/uploads\/2022\/08\/collection-remy-martin-xo-us-2022-light-01-140x200.png 200w, https:\/\/static-prod.remymartin.com\/app\/uploads\/2022\/08\/collection-remy-martin-xo-us-2022-light-01-421x600.png 400w, https:\/\/static-prod.remymartin.com\/app\/uploads\/2022\/08\/collection-remy-martin-xo-us-2022-light-01-562x800.png 800w\" data-sizes=\"100w\" \/>\n                      <img alt=\"R\u00e9my Martin XO\"  class=\"lazy\" data-srcset=\"https:\/\/static-prod.remymartin.com\/app\/uploads\/2022\/08\/collection-remy-martin-xo-us-2022-light-01-140x200.png 200w, https:\/\/static-prod.remymartin.com\/app\/uploads\/2022\/08\/collection-remy-martin-xo-us-2022-light-01-421x600.png 400w, https:\/\/static-prod.remymartin.com\/app\/uploads\/2022\/08\/collection-remy-martin-xo-us-2022-light-01-562x800.png 800w\" data-sizes=\"100w\" width=\"562\" height=\"800\"\/>\n                  <\/picture>\n                    \n\t\t\t\t\t\t\t\t\t\t\t\t\t\t\t\t\t\t\t\t<div class=\"product-description\">\n\t\t\t\t\t\t\t\t\t\t\t<span class=\"flagline\">R\u00e9my Martin<\/span>\n\t\t\t\t\t\t\t\t\t\t\t<span class=\"title\">XO<\/span>\n\t\t\t\t\t\t\t\t\t\t\t\t\t\t\t\t\t\t\t\t\t<\/div>\n\t\t\t\t\t\t\t\t\t<\/a>\n\t\t\t\t\t\t\t\t<\/div>\n\t\t\t\t\t\t\t\t\t\t\t\t\t\t\t\t\t\t\t\t\t\t\t<div class=\"swiper-slide\">\n\t\t\t\t\t\t\t\t\t<a href=\"https:\/\/www.remymartin.com\/fr-fr\/collection\/coupe-300\/\">\n\t\t\t\t\t\t\t\t\t\t\t\t\t\t\t\t\t\t\t\t  <picture>\n                      <source type=\"image\/webp\" data-srcset=\"https:\/\/static-prod.remymartin.com\/app\/uploads\/sites\/3\/2023\/12\/collection-remy-martin-300th-year-coupe-hover-02-141x200.png 200w, https:\/\/static-prod.remymartin.com\/app\/uploads\/sites\/3\/2023\/12\/collection-remy-martin-300th-year-coupe-hover-02-422x600.png 400w, https:\/\/static-prod.remymartin.com\/app\/uploads\/sites\/3\/2023\/12\/collection-remy-martin-300th-year-coupe-hover-02.png 800w\" data-sizes=\"100w\" \/>\n                      <img alt=\"R\u00e9my Martin Coupe 300th Anniversary Limited Edition with packaging\"  class=\"lazy\" data-srcset=\"https:\/\/static-prod.remymartin.com\/app\/uploads\/sites\/3\/2023\/12\/collection-remy-martin-300th-year-coupe-hover-02-141x200.png 200w, https:\/\/static-prod.remymartin.com\/app\/uploads\/sites\/3\/2023\/12\/collection-remy-martin-300th-year-coupe-hover-02-422x600.png 400w, https:\/\/static-prod.remymartin.com\/app\/uploads\/sites\/3\/2023\/12\/collection-remy-martin-300th-year-coupe-hover-02.png 800w\" data-sizes=\"100w\" width=\"450\" height=\"640\"\/>\n                  <\/picture>\n                    \n\t\t\t\t\t\t\t\t\t\t\t\t\t\t\t\t\t\t\t\t<div class=\"product-description\">\n\t\t\t\t\t\t\t\t\t\t\t<span class=\"flagline\">R\u00e9my Martin<\/span>\n\t\t\t\t\t\t\t\t\t\t\t<span class=\"title\">Coupe 300e Anniversaire<\/span>\n\t\t\t\t\t\t\t\t\t\t\t\t\t\t\t\t\t\t\t\t\t\t\t<span class=\"special\">\u00c9dition limit\u00e9e<\/span>\n\t\t\t\t\t\t\t\t\t\t\t\t\t\t\t\t\t\t\t\t\t<\/div>\n\t\t\t\t\t\t\t\t\t<\/a>\n\t\t\t\t\t\t\t\t<\/div>\n\t\t\t\t\t\t\t\t\t\t\t\t\t\t\t\t\t\t\t\t\t\t\t<div class=\"swiper-slide\">\n\t\t\t\t\t\t\t\t\t<a href=\"https:\/\/www.remymartin.com\/fr-fr\/collection\/letape\/\">\n\t\t\t\t\t\t\t\t\t\t\t\t\t\t\t\t\t\t\t\t  <picture>\n                      <source type=\"image\/webp\" data-srcset=\"https:\/\/static-prod.remymartin.com\/app\/uploads\/2021\/10\/collection-remy-martin-l-etape-limited-edition-cov-01-140x200.png 200w, https:\/\/static-prod.remymartin.com\/app\/uploads\/2021\/10\/collection-remy-martin-l-etape-limited-edition-cov-01-421x600.png 400w, https:\/\/static-prod.remymartin.com\/app\/uploads\/2021\/10\/collection-remy-martin-l-etape-limited-edition-cov-01-562x800.png 800w\" data-sizes=\"100w\" \/>\n                      <img alt=\"Remy Martin L\u2019Etape cognac\"  class=\"lazy\" data-srcset=\"https:\/\/static-prod.remymartin.com\/app\/uploads\/2021\/10\/collection-remy-martin-l-etape-limited-edition-cov-01-140x200.png 200w, https:\/\/static-prod.remymartin.com\/app\/uploads\/2021\/10\/collection-remy-martin-l-etape-limited-edition-cov-01-421x600.png 400w, https:\/\/static-prod.remymartin.com\/app\/uploads\/2021\/10\/collection-remy-martin-l-etape-limited-edition-cov-01-562x800.png 800w\" data-sizes=\"100w\" width=\"562\" height=\"800\"\/>\n                  <\/picture>\n                    \n\t\t\t\t\t\t\t\t\t\t\t\t\t\t\t\t\t\t\t\t<div class=\"product-description\">\n\t\t\t\t\t\t\t\t\t\t\t<span class=\"flagline\">R\u00e9my Martin<\/span>\n\t\t\t\t\t\t\t\t\t\t\t<span class=\"title\">L\u2019\u00c9tape<\/span>\n\t\t\t\t\t\t\t\t\t\t\t\t\t\t\t\t\t\t\t\t\t\t\t<span class=\"special\">\u00c9dition limit\u00e9e<\/span>\n\t\t\t\t\t\t\t\t\t\t\t\t\t\t\t\t\t\t\t\t\t<\/div>\n\t\t\t\t\t\t\t\t\t<\/a>\n\t\t\t\t\t\t\t\t<\/div>\n\t\t\t\t\t\t\t\t\t\t\t\t\t<\/div>\n\t\t\t\t\t\t\t\t\t\t\t<\/div>\n\t\t\t\t<\/div>\n\t\t\t<\/div>\n\t\t<\/div>\n\t<\/div>\n\t\t<\/div>\n\t<\/div>\n","protected":false},"excerpt":{"rendered":"<p>La Maison est fi\u00e8re de r\u00e9v\u00e9ler le nouveau visage de son site historique de Cognac, m\u00e9tamorphos\u00e9 apr\u00e8s trois ans de r\u00e9novation. Ce projet ambitieux marque une nouvelle \u00e8re pour la Maison et inaugure de nouveaux parcours de visite<\/p>\n","protected":false},"author":153,"featured_media":10174,"comment_status":"closed","ping_status":"closed","sticky":false,"template":"","format":"standard","meta":{"_acf_changed":false,"editor_notices":[],"footnotes":""},"categories":[171,200,172],"tags":[],"class_list":["post-10173","post","type-post","status-publish","format-standard","has-post-thumbnail","hentry","category-news","category-distillery","category-events"],"acf":[],"yoast_head":"<title>La r\u00e9ouverture de la maison historique au coeur de cognac - R\u00e9my MartinFrance<\/title>\n<meta name=\"description\" content=\"La Maison R\u00e9my Martin est fi\u00e8re de r\u00e9v\u00e9ler le nouveau visage de son site historique de Cognac, m\u00e9tamorphos\u00e9 apr\u00e8s trois ans de r\u00e9novation.\" \/>\n<meta name=\"robots\" content=\"index, follow, max-snippet:-1, max-image-preview:large, max-video-preview:-1\" \/>\n<link rel=\"canonical\" href=\"https:\/\/www.remymartin.com\/fr-fr\/news\/reouverture-maison-historique\/\" \/>\n<meta property=\"og:locale\" content=\"fr_FR\" \/>\n<meta property=\"og:type\" content=\"article\" \/>\n<meta property=\"og:title\" content=\"La r\u00e9ouverture de la maison historique au coeur de cognac - R\u00e9my MartinFrance\" \/>\n<meta property=\"og:description\" content=\"La Maison R\u00e9my Martin est fi\u00e8re de r\u00e9v\u00e9ler le nouveau visage de son site historique de Cognac, m\u00e9tamorphos\u00e9 apr\u00e8s trois ans de r\u00e9novation.\" \/>\n<meta property=\"og:url\" content=\"https:\/\/www.remymartin.com\/fr-fr\/news\/reouverture-maison-historique\/\" \/>\n<meta property=\"og:site_name\" content=\"France\" \/>\n<meta property=\"article:publisher\" content=\"https:\/\/www.facebook.com\/RemyMartin\" \/>\n<meta property=\"article:published_time\" content=\"2024-04-15T09:29:24+00:00\" \/>\n<meta property=\"article:modified_time\" content=\"2025-04-28T06:48:05+00:00\" \/>\n<meta property=\"og:image\" content=\"https:\/\/static-prod.remymartin.com\/app\/uploads\/sites\/3\/2024\/04\/Remy-Martin-Historic-House-Teaser.jpg\" \/>\n\t<meta property=\"og:image:width\" content=\"1000\" \/>\n\t<meta property=\"og:image:height\" content=\"563\" \/>\n\t<meta property=\"og:image:type\" content=\"image\/jpeg\" \/>\n<meta name=\"author\" content=\"william.wendling@remy-cointreau.com\" \/>\n<meta name=\"twitter:card\" content=\"summary_large_image\" \/>\n<meta name=\"twitter:creator\" content=\"@RemyMartinUS\" \/>\n<meta name=\"twitter:site\" content=\"@RemyMartinUS\" \/>\n<meta name=\"twitter:label1\" content=\"\u00c9crit par\" \/>\n\t<meta name=\"twitter:data1\" content=\"william.wendling@remy-cointreau.com\" \/>\n<script type=\"application\/ld+json\" class=\"yoast-schema-graph\">{\"@context\":\"https:\/\/schema.org\",\"@graph\":[{\"@type\":\"NewsArticle\",\"@id\":\"https:\/\/www.remymartin.com\/fr-fr\/news\/reouverture-maison-historique\/#article\",\"isPartOf\":{\"@id\":\"https:\/\/www.remymartin.com\/fr-fr\/news\/reouverture-maison-historique\/\"},\"author\":{\"name\":\"william.wendling@remy-cointreau.com\",\"@id\":\"https:\/\/www.remymartin.com\/fr-fr\/#\/schema\/person\/70e203d19b8dd3c0a3c9a27a0913947e\"},\"headline\":\"La r\u00e9ouverture de la maison historique au coeur de cognac\",\"datePublished\":\"2024-04-15T09:29:24+00:00\",\"dateModified\":\"2025-04-28T06:48:05+00:00\",\"mainEntityOfPage\":{\"@id\":\"https:\/\/www.remymartin.com\/fr-fr\/news\/reouverture-maison-historique\/\"},\"wordCount\":11,\"publisher\":{\"@id\":\"https:\/\/www.remymartin.com\/fr-fr\/#organization\"},\"image\":{\"@id\":\"https:\/\/www.remymartin.com\/fr-fr\/news\/reouverture-maison-historique\/#primaryimage\"},\"thumbnailUrl\":\"https:\/\/static-prod.remymartin.com\/app\/uploads\/sites\/3\/2024\/04\/Remy-Martin-Historic-House-Teaser.jpg\",\"articleSection\":[\"Actualit\u00e9s\",\"distillerie\",\"\u00c9v\u00e9nements\"],\"inLanguage\":\"fr-FR\"},{\"@type\":\"WebPage\",\"@id\":\"https:\/\/www.remymartin.com\/fr-fr\/news\/reouverture-maison-historique\/\",\"url\":\"https:\/\/www.remymartin.com\/fr-fr\/news\/reouverture-maison-historique\/\",\"name\":\"La r\u00e9ouverture de la maison historique au coeur de cognac - R\u00e9my MartinFrance\",\"isPartOf\":{\"@id\":\"https:\/\/www.remymartin.com\/fr-fr\/#website\"},\"primaryImageOfPage\":{\"@id\":\"https:\/\/www.remymartin.com\/fr-fr\/news\/reouverture-maison-historique\/#primaryimage\"},\"image\":{\"@id\":\"https:\/\/www.remymartin.com\/fr-fr\/news\/reouverture-maison-historique\/#primaryimage\"},\"thumbnailUrl\":\"https:\/\/static-prod.remymartin.com\/app\/uploads\/sites\/3\/2024\/04\/Remy-Martin-Historic-House-Teaser.jpg\",\"datePublished\":\"2024-04-15T09:29:24+00:00\",\"dateModified\":\"2025-04-28T06:48:05+00:00\",\"description\":\"La Maison R\u00e9my Martin est fi\u00e8re de r\u00e9v\u00e9ler le nouveau visage de son site historique de Cognac, m\u00e9tamorphos\u00e9 apr\u00e8s trois ans de r\u00e9novation.\",\"inLanguage\":\"fr-FR\",\"potentialAction\":[{\"@type\":\"ReadAction\",\"target\":[\"https:\/\/www.remymartin.com\/fr-fr\/news\/reouverture-maison-historique\/\"]}]},{\"@type\":\"ImageObject\",\"inLanguage\":\"fr-FR\",\"@id\":\"https:\/\/www.remymartin.com\/fr-fr\/news\/reouverture-maison-historique\/#primaryimage\",\"url\":\"https:\/\/static-prod.remymartin.com\/app\/uploads\/sites\/3\/2024\/04\/Remy-Martin-Historic-House-Teaser.jpg\",\"contentUrl\":\"https:\/\/static-prod.remymartin.com\/app\/uploads\/sites\/3\/2024\/04\/Remy-Martin-Historic-House-Teaser.jpg\",\"width\":1000,\"height\":563},{\"@type\":\"WebSite\",\"@id\":\"https:\/\/www.remymartin.com\/fr-fr\/#website\",\"url\":\"https:\/\/www.remymartin.com\/fr-fr\/\",\"name\":\"France\",\"description\":\"R\u00e9my Martin France\",\"publisher\":{\"@id\":\"https:\/\/www.remymartin.com\/fr-fr\/#organization\"},\"inLanguage\":\"fr-FR\"},{\"@type\":\"Organization\",\"@id\":\"https:\/\/www.remymartin.com\/fr-fr\/#organization\",\"name\":\"R\u00e9my Martin\",\"url\":\"https:\/\/www.remymartin.com\/fr-fr\/\",\"logo\":{\"@type\":\"ImageObject\",\"inLanguage\":\"fr-FR\",\"@id\":\"https:\/\/www.remymartin.com\/fr-fr\/#\/schema\/logo\/image\/\",\"url\":\"https:\/\/static-prod.remymartin.com\/app\/uploads\/sites\/3\/2021\/01\/remy-martin-logo-black.png\",\"contentUrl\":\"https:\/\/static-prod.remymartin.com\/app\/uploads\/sites\/3\/2021\/01\/remy-martin-logo-black.png\",\"width\":500,\"height\":95,\"caption\":\"R\u00e9my Martin\"},\"image\":{\"@id\":\"https:\/\/www.remymartin.com\/fr-fr\/#\/schema\/logo\/image\/\"},\"sameAs\":[\"https:\/\/www.facebook.com\/RemyMartin\",\"https:\/\/x.com\/RemyMartinUS\",\"https:\/\/www.instagram.com\/remymartin\/\",\"https:\/\/www.youtube.com\/user\/officialremymartin\",\"https:\/\/en.wikipedia.org\/wiki\/R\u00e9my_Martin\"]},{\"@type\":\"Person\",\"@id\":\"https:\/\/www.remymartin.com\/fr-fr\/#\/schema\/person\/70e203d19b8dd3c0a3c9a27a0913947e\",\"name\":\"william.wendling@remy-cointreau.com\"}]}<\/script>","yoast_head_json":{"title":"La r\u00e9ouverture de la maison historique au coeur de cognac - R\u00e9my MartinFrance","description":"La Maison R\u00e9my Martin est fi\u00e8re de r\u00e9v\u00e9ler le nouveau visage de son site historique de Cognac, m\u00e9tamorphos\u00e9 apr\u00e8s trois ans de r\u00e9novation.","robots":{"index":"index","follow":"follow","max-snippet":"max-snippet:-1","max-image-preview":"max-image-preview:large","max-video-preview":"max-video-preview:-1"},"canonical":"https:\/\/www.remymartin.com\/fr-fr\/news\/reouverture-maison-historique\/","og_locale":"fr_FR","og_type":"article","og_title":"La r\u00e9ouverture de la maison historique au coeur de cognac - R\u00e9my MartinFrance","og_description":"La Maison R\u00e9my Martin est fi\u00e8re de r\u00e9v\u00e9ler le nouveau visage de son site historique de Cognac, m\u00e9tamorphos\u00e9 apr\u00e8s trois ans de r\u00e9novation.","og_url":"https:\/\/www.remymartin.com\/fr-fr\/news\/reouverture-maison-historique\/","og_site_name":"France","article_publisher":"https:\/\/www.facebook.com\/RemyMartin","article_published_time":"2024-04-15T09:29:24+00:00","article_modified_time":"2025-04-28T06:48:05+00:00","og_image":[{"width":1000,"height":563,"url":"https:\/\/static-prod.remymartin.com\/app\/uploads\/sites\/3\/2024\/04\/Remy-Martin-Historic-House-Teaser.jpg","type":"image\/jpeg"}],"author":"william.wendling@remy-cointreau.com","twitter_card":"summary_large_image","twitter_creator":"@RemyMartinUS","twitter_site":"@RemyMartinUS","twitter_misc":{"\u00c9crit par":"william.wendling@remy-cointreau.com"},"schema":{"@context":"https:\/\/schema.org","@graph":[{"@type":"NewsArticle","@id":"https:\/\/www.remymartin.com\/fr-fr\/news\/reouverture-maison-historique\/#article","isPartOf":{"@id":"https:\/\/www.remymartin.com\/fr-fr\/news\/reouverture-maison-historique\/"},"author":{"name":"william.wendling@remy-cointreau.com","@id":"https:\/\/www.remymartin.com\/fr-fr\/#\/schema\/person\/70e203d19b8dd3c0a3c9a27a0913947e"},"headline":"La r\u00e9ouverture de la maison historique au coeur de cognac","datePublished":"2024-04-15T09:29:24+00:00","dateModified":"2025-04-28T06:48:05+00:00","mainEntityOfPage":{"@id":"https:\/\/www.remymartin.com\/fr-fr\/news\/reouverture-maison-historique\/"},"wordCount":11,"publisher":{"@id":"https:\/\/www.remymartin.com\/fr-fr\/#organization"},"image":{"@id":"https:\/\/www.remymartin.com\/fr-fr\/news\/reouverture-maison-historique\/#primaryimage"},"thumbnailUrl":"https:\/\/static-prod.remymartin.com\/app\/uploads\/sites\/3\/2024\/04\/Remy-Martin-Historic-House-Teaser.jpg","articleSection":["Actualit\u00e9s","distillerie","\u00c9v\u00e9nements"],"inLanguage":"fr-FR"},{"@type":"WebPage","@id":"https:\/\/www.remymartin.com\/fr-fr\/news\/reouverture-maison-historique\/","url":"https:\/\/www.remymartin.com\/fr-fr\/news\/reouverture-maison-historique\/","name":"La r\u00e9ouverture de la maison historique au coeur de cognac - R\u00e9my MartinFrance","isPartOf":{"@id":"https:\/\/www.remymartin.com\/fr-fr\/#website"},"primaryImageOfPage":{"@id":"https:\/\/www.remymartin.com\/fr-fr\/news\/reouverture-maison-historique\/#primaryimage"},"image":{"@id":"https:\/\/www.remymartin.com\/fr-fr\/news\/reouverture-maison-historique\/#primaryimage"},"thumbnailUrl":"https:\/\/static-prod.remymartin.com\/app\/uploads\/sites\/3\/2024\/04\/Remy-Martin-Historic-House-Teaser.jpg","datePublished":"2024-04-15T09:29:24+00:00","dateModified":"2025-04-28T06:48:05+00:00","description":"La Maison R\u00e9my Martin est fi\u00e8re de r\u00e9v\u00e9ler le nouveau visage de son site historique de Cognac, m\u00e9tamorphos\u00e9 apr\u00e8s trois ans de r\u00e9novation.","inLanguage":"fr-FR","potentialAction":[{"@type":"ReadAction","target":["https:\/\/www.remymartin.com\/fr-fr\/news\/reouverture-maison-historique\/"]}]},{"@type":"ImageObject","inLanguage":"fr-FR","@id":"https:\/\/www.remymartin.com\/fr-fr\/news\/reouverture-maison-historique\/#primaryimage","url":"https:\/\/static-prod.remymartin.com\/app\/uploads\/sites\/3\/2024\/04\/Remy-Martin-Historic-House-Teaser.jpg","contentUrl":"https:\/\/static-prod.remymartin.com\/app\/uploads\/sites\/3\/2024\/04\/Remy-Martin-Historic-House-Teaser.jpg","width":1000,"height":563},{"@type":"WebSite","@id":"https:\/\/www.remymartin.com\/fr-fr\/#website","url":"https:\/\/www.remymartin.com\/fr-fr\/","name":"France","description":"R\u00e9my Martin France","publisher":{"@id":"https:\/\/www.remymartin.com\/fr-fr\/#organization"},"inLanguage":"fr-FR"},{"@type":"Organization","@id":"https:\/\/www.remymartin.com\/fr-fr\/#organization","name":"R\u00e9my Martin","url":"https:\/\/www.remymartin.com\/fr-fr\/","logo":{"@type":"ImageObject","inLanguage":"fr-FR","@id":"https:\/\/www.remymartin.com\/fr-fr\/#\/schema\/logo\/image\/","url":"https:\/\/static-prod.remymartin.com\/app\/uploads\/sites\/3\/2021\/01\/remy-martin-logo-black.png","contentUrl":"https:\/\/static-prod.remymartin.com\/app\/uploads\/sites\/3\/2021\/01\/remy-martin-logo-black.png","width":500,"height":95,"caption":"R\u00e9my Martin"},"image":{"@id":"https:\/\/www.remymartin.com\/fr-fr\/#\/schema\/logo\/image\/"},"sameAs":["https:\/\/www.facebook.com\/RemyMartin","https:\/\/x.com\/RemyMartinUS","https:\/\/www.instagram.com\/remymartin\/","https:\/\/www.youtube.com\/user\/officialremymartin","https:\/\/en.wikipedia.org\/wiki\/R\u00e9my_Martin"]},{"@type":"Person","@id":"https:\/\/www.remymartin.com\/fr-fr\/#\/schema\/person\/70e203d19b8dd3c0a3c9a27a0913947e","name":"william.wendling@remy-cointreau.com"}]}},"_links":{"self":[{"href":"https:\/\/www.remymartin.com\/fr-fr\/wp-json\/wp\/v2\/posts\/10173","targetHints":{"allow":["GET"]}}],"collection":[{"href":"https:\/\/www.remymartin.com\/fr-fr\/wp-json\/wp\/v2\/posts"}],"about":[{"href":"https:\/\/www.remymartin.com\/fr-fr\/wp-json\/wp\/v2\/types\/post"}],"author":[{"embeddable":true,"href":"https:\/\/www.remymartin.com\/fr-fr\/wp-json\/wp\/v2\/users\/153"}],"replies":[{"embeddable":true,"href":"https:\/\/www.remymartin.com\/fr-fr\/wp-json\/wp\/v2\/comments?post=10173"}],"version-history":[{"count":2,"href":"https:\/\/www.remymartin.com\/fr-fr\/wp-json\/wp\/v2\/posts\/10173\/revisions"}],"predecessor-version":[{"id":12886,"href":"https:\/\/www.remymartin.com\/fr-fr\/wp-json\/wp\/v2\/posts\/10173\/revisions\/12886"}],"wp:featuredmedia":[{"embeddable":true,"href":"https:\/\/www.remymartin.com\/fr-fr\/wp-json\/wp\/v2\/media\/10174"}],"wp:attachment":[{"href":"https:\/\/www.remymartin.com\/fr-fr\/wp-json\/wp\/v2\/media?parent=10173"}],"wp:term":[{"taxonomy":"category","embeddable":true,"href":"https:\/\/www.remymartin.com\/fr-fr\/wp-json\/wp\/v2\/categories?post=10173"},{"taxonomy":"post_tag","embeddable":true,"href":"https:\/\/www.remymartin.com\/fr-fr\/wp-json\/wp\/v2\/tags?post=10173"}],"curies":[{"name":"wp","href":"https:\/\/api.w.org\/{rel}","templated":true}]}}